{"id":3786,"date":"2026-04-20T12:15:19","date_gmt":"2026-04-20T12:15:19","guid":{"rendered":"https:\/\/westjetbusinesstravel.com\/mise-a-jour-du-groupe-westjet-sur-la-tarification-du-carburant-et-sa-reponse\/"},"modified":"2026-04-20T18:28:02","modified_gmt":"2026-04-20T18:28:02","slug":"mise-a-jour-du-groupe-westjet-sur-la-tarification-du-carburant-et-sa-reponse","status":"publish","type":"post","link":"https:\/\/westjetbusinesstravel.com\/fr\/mise-a-jour-du-groupe-westjet-sur-la-tarification-du-carburant-et-sa-reponse\/","title":{"rendered":"Mise \u00e0 jour du groupe WestJet sur la tarification du carburant et sa r\u00e9ponse"},"content":{"rendered":"<p>Derni\u00e8re mise \u00e0 jour le 20 avril 2026 &#8211; Alors que l&#8217;industrie de l&#8217;aviation r\u00e9agit aux d\u00e9fis continus de la cha\u00eene d&#8217;approvisionnement en raison de l&#8217;acc\u00e8s difficile au d\u00e9troit d&#8217;Ormuz, WestJet met en \u0153uvre des mesures \u00e0 court terme.<\/p>\n","protected":false},"excerpt":{"rendered":"<p>Derni\u00e8re mise \u00e0 jour le 20 avril 2026 &#8211; Alors  [&#8230;]<\/p>\n","protected":false},"author":3,"featured_media":3784,"comment_status":"closed","ping_status":"closed","sticky":false,"template":"","format":"standard","meta":{"_acf_changed":false,"footnotes":""},"categories":[18],"tags":[],"class_list":["post-3786","post","type-post","status-publish","format-standard","has-post-thumbnail","hentry","category-non-categorise"],"acf":[],"yoast_head":"<!-- This site is optimized with the Yoast SEO plugin v26.6 - https:\/\/yoast.com\/wordpress\/plugins\/seo\/ -->\n<title>Mise \u00e0 jour du groupe WestJet sur la tarification du carburant et sa r\u00e9ponse - WestJet Business Travel<\/title>\n<meta name=\"robots\" content=\"noindex, follow\" \/>\n<meta property=\"og:locale\" content=\"fr_CA\" \/>\n<meta property=\"og:type\" content=\"article\" \/>\n<meta property=\"og:title\" content=\"Mise \u00e0 jour du groupe WestJet sur la tarification du carburant et sa r\u00e9ponse - WestJet Business Travel\" \/>\n<meta property=\"og:description\" content=\"Derni\u00e8re mise \u00e0 jour le 20 avril 2026 &#8211; Alors [...]\" \/>\n<meta property=\"og:url\" content=\"https:\/\/westjetbusinesstravel.com\/fr\/mise-a-jour-du-groupe-westjet-sur-la-tarification-du-carburant-et-sa-reponse\/\" \/>\n<meta property=\"og:site_name\" content=\"WestJet Business Travel\" \/>\n<meta property=\"article:publisher\" content=\"https:\/\/www.facebook.com\/westjet\/\" \/>\n<meta property=\"article:published_time\" content=\"2026-04-20T12:15:19+00:00\" \/>\n<meta property=\"article:modified_time\" content=\"2026-04-20T18:28:02+00:00\" \/>\n<meta property=\"og:image\" content=\"https:\/\/westjetbusinesstravel.com\/wp-content\/uploads\/2026\/04\/04-08-25-cargo-newsroom.jpeg\" \/>\n\t<meta property=\"og:image:width\" content=\"1090\" \/>\n\t<meta property=\"og:image:height\" content=\"615\" \/>\n\t<meta property=\"og:image:type\" content=\"image\/jpeg\" \/>\n<meta name=\"author\" content=\"Erin Mooney\" \/>\n<meta name=\"twitter:card\" content=\"summary_large_image\" \/>\n<meta name=\"twitter:creator\" content=\"@westjet\" \/>\n<meta name=\"twitter:site\" content=\"@westjet\" \/>\n<meta name=\"twitter:label1\" content=\"\u00c9crit par\" \/>\n\t<meta name=\"twitter:data1\" content=\"Erin Mooney\" \/>\n<script type=\"application\/ld+json\" class=\"yoast-schema-graph\">{\"@context\":\"https:\/\/schema.org\",\"@graph\":[{\"@type\":\"Article\",\"@id\":\"https:\/\/westjetbusinesstravel.com\/fr\/mise-a-jour-du-groupe-westjet-sur-la-tarification-du-carburant-et-sa-reponse\/#article\",\"isPartOf\":{\"@id\":\"https:\/\/westjetbusinesstravel.com\/fr\/mise-a-jour-du-groupe-westjet-sur-la-tarification-du-carburant-et-sa-reponse\/\"},\"author\":{\"name\":\"Erin Mooney\",\"@id\":\"https:\/\/westjetbusinesstravel.com\/fr\/#\/schema\/person\/8b407013397130070f10d47f9f1c690c\"},\"headline\":\"Mise \u00e0 jour du groupe WestJet sur la tarification du carburant et sa r\u00e9ponse\",\"datePublished\":\"2026-04-20T12:15:19+00:00\",\"dateModified\":\"2026-04-20T18:28:02+00:00\",\"mainEntityOfPage\":{\"@id\":\"https:\/\/westjetbusinesstravel.com\/fr\/mise-a-jour-du-groupe-westjet-sur-la-tarification-du-carburant-et-sa-reponse\/\"},\"wordCount\":60,\"publisher\":{\"@id\":\"https:\/\/westjetbusinesstravel.com\/fr\/#organization\"},\"image\":{\"@id\":\"https:\/\/westjetbusinesstravel.com\/fr\/mise-a-jour-du-groupe-westjet-sur-la-tarification-du-carburant-et-sa-reponse\/#primaryimage\"},\"thumbnailUrl\":\"https:\/\/westjetbusinesstravel.com\/wp-content\/uploads\/2026\/04\/04-08-25-cargo-newsroom.jpeg\",\"articleSection\":[\"Non cat\u00e9goris\u00e9\"],\"inLanguage\":\"fr-CA\"},{\"@type\":\"WebPage\",\"@id\":\"https:\/\/westjetbusinesstravel.com\/fr\/mise-a-jour-du-groupe-westjet-sur-la-tarification-du-carburant-et-sa-reponse\/\",\"url\":\"https:\/\/westjetbusinesstravel.com\/fr\/mise-a-jour-du-groupe-westjet-sur-la-tarification-du-carburant-et-sa-reponse\/\",\"name\":\"Mise \u00e0 jour du groupe WestJet sur la tarification du carburant et sa r\u00e9ponse - WestJet Business Travel\",\"isPartOf\":{\"@id\":\"https:\/\/westjetbusinesstravel.com\/fr\/#website\"},\"primaryImageOfPage\":{\"@id\":\"https:\/\/westjetbusinesstravel.com\/fr\/mise-a-jour-du-groupe-westjet-sur-la-tarification-du-carburant-et-sa-reponse\/#primaryimage\"},\"image\":{\"@id\":\"https:\/\/westjetbusinesstravel.com\/fr\/mise-a-jour-du-groupe-westjet-sur-la-tarification-du-carburant-et-sa-reponse\/#primaryimage\"},\"thumbnailUrl\":\"https:\/\/westjetbusinesstravel.com\/wp-content\/uploads\/2026\/04\/04-08-25-cargo-newsroom.jpeg\",\"datePublished\":\"2026-04-20T12:15:19+00:00\",\"dateModified\":\"2026-04-20T18:28:02+00:00\",\"breadcrumb\":{\"@id\":\"https:\/\/westjetbusinesstravel.com\/fr\/mise-a-jour-du-groupe-westjet-sur-la-tarification-du-carburant-et-sa-reponse\/#breadcrumb\"},\"inLanguage\":\"fr-CA\",\"potentialAction\":[{\"@type\":\"ReadAction\",\"target\":[\"https:\/\/westjetbusinesstravel.com\/fr\/mise-a-jour-du-groupe-westjet-sur-la-tarification-du-carburant-et-sa-reponse\/\"]}]},{\"@type\":\"ImageObject\",\"inLanguage\":\"fr-CA\",\"@id\":\"https:\/\/westjetbusinesstravel.com\/fr\/mise-a-jour-du-groupe-westjet-sur-la-tarification-du-carburant-et-sa-reponse\/#primaryimage\",\"url\":\"https:\/\/westjetbusinesstravel.com\/wp-content\/uploads\/2026\/04\/04-08-25-cargo-newsroom.jpeg\",\"contentUrl\":\"https:\/\/westjetbusinesstravel.com\/wp-content\/uploads\/2026\/04\/04-08-25-cargo-newsroom.jpeg\",\"width\":1090,\"height\":615},{\"@type\":\"BreadcrumbList\",\"@id\":\"https:\/\/westjetbusinesstravel.com\/fr\/mise-a-jour-du-groupe-westjet-sur-la-tarification-du-carburant-et-sa-reponse\/#breadcrumb\",\"itemListElement\":[{\"@type\":\"ListItem\",\"position\":1,\"name\":\"Home\",\"item\":\"https:\/\/westjetbusinesstravel.com\/fr\/page-daccueil\/\"},{\"@type\":\"ListItem\",\"position\":2,\"name\":\"Mise \u00e0 jour du groupe WestJet sur la tarification du carburant et sa r\u00e9ponse\"}]},{\"@type\":\"WebSite\",\"@id\":\"https:\/\/westjetbusinesstravel.com\/fr\/#website\",\"url\":\"https:\/\/westjetbusinesstravel.com\/fr\/\",\"name\":\"WestJet Business Travel\",\"description\":\"\",\"publisher\":{\"@id\":\"https:\/\/westjetbusinesstravel.com\/fr\/#organization\"},\"potentialAction\":[{\"@type\":\"SearchAction\",\"target\":{\"@type\":\"EntryPoint\",\"urlTemplate\":\"https:\/\/westjetbusinesstravel.com\/fr\/?s={search_term_string}\"},\"query-input\":{\"@type\":\"PropertyValueSpecification\",\"valueRequired\":true,\"valueName\":\"search_term_string\"}}],\"inLanguage\":\"fr-CA\"},{\"@type\":\"Organization\",\"@id\":\"https:\/\/westjetbusinesstravel.com\/fr\/#organization\",\"name\":\"WestJet\",\"url\":\"https:\/\/westjetbusinesstravel.com\/fr\/\",\"logo\":{\"@type\":\"ImageObject\",\"inLanguage\":\"fr-CA\",\"@id\":\"https:\/\/westjetbusinesstravel.com\/fr\/#\/schema\/logo\/image\/\",\"url\":\"https:\/\/westjetbusinesstravel.com\/wp-content\/uploads\/2024\/11\/180710-sidekick-appicon-1.png\",\"contentUrl\":\"https:\/\/westjetbusinesstravel.com\/wp-content\/uploads\/2024\/11\/180710-sidekick-appicon-1.png\",\"width\":136,\"height\":136,\"caption\":\"WestJet\"},\"image\":{\"@id\":\"https:\/\/westjetbusinesstravel.com\/fr\/#\/schema\/logo\/image\/\"},\"sameAs\":[\"https:\/\/www.facebook.com\/westjet\/\",\"https:\/\/x.com\/westjet\"]},{\"@type\":\"Person\",\"@id\":\"https:\/\/westjetbusinesstravel.com\/fr\/#\/schema\/person\/8b407013397130070f10d47f9f1c690c\",\"name\":\"Erin Mooney\",\"image\":{\"@type\":\"ImageObject\",\"inLanguage\":\"fr-CA\",\"@id\":\"https:\/\/westjetbusinesstravel.com\/fr\/#\/schema\/person\/image\/\",\"url\":\"https:\/\/secure.gravatar.com\/avatar\/7fea0077087a3598fe78999beb6aa12fe52dabdbc41446873f3e34b19f9cb15a?s=96&d=mm&r=g\",\"contentUrl\":\"https:\/\/secure.gravatar.com\/avatar\/7fea0077087a3598fe78999beb6aa12fe52dabdbc41446873f3e34b19f9cb15a?s=96&d=mm&r=g\",\"caption\":\"Erin Mooney\"}}]}<\/script>\n<!-- \/ Yoast SEO plugin. -->","yoast_head_json":{"title":"Mise \u00e0 jour du groupe WestJet sur la tarification du carburant et sa r\u00e9ponse - WestJet Business Travel","robots":{"index":"noindex","follow":"follow"},"og_locale":"fr_CA","og_type":"article","og_title":"Mise \u00e0 jour du groupe WestJet sur la tarification du carburant et sa r\u00e9ponse - WestJet Business Travel","og_description":"Derni\u00e8re mise \u00e0 jour le 20 avril 2026 &#8211; Alors [...]","og_url":"https:\/\/westjetbusinesstravel.com\/fr\/mise-a-jour-du-groupe-westjet-sur-la-tarification-du-carburant-et-sa-reponse\/","og_site_name":"WestJet Business Travel","article_publisher":"https:\/\/www.facebook.com\/westjet\/","article_published_time":"2026-04-20T12:15:19+00:00","article_modified_time":"2026-04-20T18:28:02+00:00","og_image":[{"width":1090,"height":615,"url":"https:\/\/westjetbusinesstravel.com\/wp-content\/uploads\/2026\/04\/04-08-25-cargo-newsroom.jpeg","type":"image\/jpeg"}],"author":"Erin Mooney","twitter_card":"summary_large_image","twitter_creator":"@westjet","twitter_site":"@westjet","twitter_misc":{"\u00c9crit par":"Erin Mooney"},"schema":{"@context":"https:\/\/schema.org","@graph":[{"@type":"Article","@id":"https:\/\/westjetbusinesstravel.com\/fr\/mise-a-jour-du-groupe-westjet-sur-la-tarification-du-carburant-et-sa-reponse\/#article","isPartOf":{"@id":"https:\/\/westjetbusinesstravel.com\/fr\/mise-a-jour-du-groupe-westjet-sur-la-tarification-du-carburant-et-sa-reponse\/"},"author":{"name":"Erin Mooney","@id":"https:\/\/westjetbusinesstravel.com\/fr\/#\/schema\/person\/8b407013397130070f10d47f9f1c690c"},"headline":"Mise \u00e0 jour du groupe WestJet sur la tarification du carburant et sa r\u00e9ponse","datePublished":"2026-04-20T12:15:19+00:00","dateModified":"2026-04-20T18:28:02+00:00","mainEntityOfPage":{"@id":"https:\/\/westjetbusinesstravel.com\/fr\/mise-a-jour-du-groupe-westjet-sur-la-tarification-du-carburant-et-sa-reponse\/"},"wordCount":60,"publisher":{"@id":"https:\/\/westjetbusinesstravel.com\/fr\/#organization"},"image":{"@id":"https:\/\/westjetbusinesstravel.com\/fr\/mise-a-jour-du-groupe-westjet-sur-la-tarification-du-carburant-et-sa-reponse\/#primaryimage"},"thumbnailUrl":"https:\/\/westjetbusinesstravel.com\/wp-content\/uploads\/2026\/04\/04-08-25-cargo-newsroom.jpeg","articleSection":["Non cat\u00e9goris\u00e9"],"inLanguage":"fr-CA"},{"@type":"WebPage","@id":"https:\/\/westjetbusinesstravel.com\/fr\/mise-a-jour-du-groupe-westjet-sur-la-tarification-du-carburant-et-sa-reponse\/","url":"https:\/\/westjetbusinesstravel.com\/fr\/mise-a-jour-du-groupe-westjet-sur-la-tarification-du-carburant-et-sa-reponse\/","name":"Mise \u00e0 jour du groupe WestJet sur la tarification du carburant et sa r\u00e9ponse - WestJet Business Travel","isPartOf":{"@id":"https:\/\/westjetbusinesstravel.com\/fr\/#website"},"primaryImageOfPage":{"@id":"https:\/\/westjetbusinesstravel.com\/fr\/mise-a-jour-du-groupe-westjet-sur-la-tarification-du-carburant-et-sa-reponse\/#primaryimage"},"image":{"@id":"https:\/\/westjetbusinesstravel.com\/fr\/mise-a-jour-du-groupe-westjet-sur-la-tarification-du-carburant-et-sa-reponse\/#primaryimage"},"thumbnailUrl":"https:\/\/westjetbusinesstravel.com\/wp-content\/uploads\/2026\/04\/04-08-25-cargo-newsroom.jpeg","datePublished":"2026-04-20T12:15:19+00:00","dateModified":"2026-04-20T18:28:02+00:00","breadcrumb":{"@id":"https:\/\/westjetbusinesstravel.com\/fr\/mise-a-jour-du-groupe-westjet-sur-la-tarification-du-carburant-et-sa-reponse\/#breadcrumb"},"inLanguage":"fr-CA","potentialAction":[{"@type":"ReadAction","target":["https:\/\/westjetbusinesstravel.com\/fr\/mise-a-jour-du-groupe-westjet-sur-la-tarification-du-carburant-et-sa-reponse\/"]}]},{"@type":"ImageObject","inLanguage":"fr-CA","@id":"https:\/\/westjetbusinesstravel.com\/fr\/mise-a-jour-du-groupe-westjet-sur-la-tarification-du-carburant-et-sa-reponse\/#primaryimage","url":"https:\/\/westjetbusinesstravel.com\/wp-content\/uploads\/2026\/04\/04-08-25-cargo-newsroom.jpeg","contentUrl":"https:\/\/westjetbusinesstravel.com\/wp-content\/uploads\/2026\/04\/04-08-25-cargo-newsroom.jpeg","width":1090,"height":615},{"@type":"BreadcrumbList","@id":"https:\/\/westjetbusinesstravel.com\/fr\/mise-a-jour-du-groupe-westjet-sur-la-tarification-du-carburant-et-sa-reponse\/#breadcrumb","itemListElement":[{"@type":"ListItem","position":1,"name":"Home","item":"https:\/\/westjetbusinesstravel.com\/fr\/page-daccueil\/"},{"@type":"ListItem","position":2,"name":"Mise \u00e0 jour du groupe WestJet sur la tarification du carburant et sa r\u00e9ponse"}]},{"@type":"WebSite","@id":"https:\/\/westjetbusinesstravel.com\/fr\/#website","url":"https:\/\/westjetbusinesstravel.com\/fr\/","name":"WestJet Business Travel","description":"","publisher":{"@id":"https:\/\/westjetbusinesstravel.com\/fr\/#organization"},"potentialAction":[{"@type":"SearchAction","target":{"@type":"EntryPoint","urlTemplate":"https:\/\/westjetbusinesstravel.com\/fr\/?s={search_term_string}"},"query-input":{"@type":"PropertyValueSpecification","valueRequired":true,"valueName":"search_term_string"}}],"inLanguage":"fr-CA"},{"@type":"Organization","@id":"https:\/\/westjetbusinesstravel.com\/fr\/#organization","name":"WestJet","url":"https:\/\/westjetbusinesstravel.com\/fr\/","logo":{"@type":"ImageObject","inLanguage":"fr-CA","@id":"https:\/\/westjetbusinesstravel.com\/fr\/#\/schema\/logo\/image\/","url":"https:\/\/westjetbusinesstravel.com\/wp-content\/uploads\/2024\/11\/180710-sidekick-appicon-1.png","contentUrl":"https:\/\/westjetbusinesstravel.com\/wp-content\/uploads\/2024\/11\/180710-sidekick-appicon-1.png","width":136,"height":136,"caption":"WestJet"},"image":{"@id":"https:\/\/westjetbusinesstravel.com\/fr\/#\/schema\/logo\/image\/"},"sameAs":["https:\/\/www.facebook.com\/westjet\/","https:\/\/x.com\/westjet"]},{"@type":"Person","@id":"https:\/\/westjetbusinesstravel.com\/fr\/#\/schema\/person\/8b407013397130070f10d47f9f1c690c","name":"Erin Mooney","image":{"@type":"ImageObject","inLanguage":"fr-CA","@id":"https:\/\/westjetbusinesstravel.com\/fr\/#\/schema\/person\/image\/","url":"https:\/\/secure.gravatar.com\/avatar\/7fea0077087a3598fe78999beb6aa12fe52dabdbc41446873f3e34b19f9cb15a?s=96&d=mm&r=g","contentUrl":"https:\/\/secure.gravatar.com\/avatar\/7fea0077087a3598fe78999beb6aa12fe52dabdbc41446873f3e34b19f9cb15a?s=96&d=mm&r=g","caption":"Erin Mooney"}}]}},"_links":{"self":[{"href":"https:\/\/westjetbusinesstravel.com\/fr\/wp-json\/wp\/v2\/posts\/3786","targetHints":{"allow":["GET"]}}],"collection":[{"href":"https:\/\/westjetbusinesstravel.com\/fr\/wp-json\/wp\/v2\/posts"}],"about":[{"href":"https:\/\/westjetbusinesstravel.com\/fr\/wp-json\/wp\/v2\/types\/post"}],"author":[{"embeddable":true,"href":"https:\/\/westjetbusinesstravel.com\/fr\/wp-json\/wp\/v2\/users\/3"}],"replies":[{"embeddable":true,"href":"https:\/\/westjetbusinesstravel.com\/fr\/wp-json\/wp\/v2\/comments?post=3786"}],"version-history":[{"count":1,"href":"https:\/\/westjetbusinesstravel.com\/fr\/wp-json\/wp\/v2\/posts\/3786\/revisions"}],"predecessor-version":[{"id":3906,"href":"https:\/\/westjetbusinesstravel.com\/fr\/wp-json\/wp\/v2\/posts\/3786\/revisions\/3906"}],"wp:featuredmedia":[{"embeddable":true,"href":"https:\/\/westjetbusinesstravel.com\/fr\/wp-json\/wp\/v2\/media\/3784"}],"wp:attachment":[{"href":"https:\/\/westjetbusinesstravel.com\/fr\/wp-json\/wp\/v2\/media?parent=3786"}],"wp:term":[{"taxonomy":"category","embeddable":true,"href":"https:\/\/westjetbusinesstravel.com\/fr\/wp-json\/wp\/v2\/categories?post=3786"},{"taxonomy":"post_tag","embeddable":true,"href":"https:\/\/westjetbusinesstravel.com\/fr\/wp-json\/wp\/v2\/tags?post=3786"}],"curies":[{"name":"wp","href":"https:\/\/api.w.org\/{rel}","templated":true}]}}