{"id":3030,"date":"2025-07-18T14:14:07","date_gmt":"2025-07-18T14:14:07","guid":{"rendered":"https:\/\/westjetbusinesstravel.com\/mise-a-jour-sur-lincident-de-cybersecurite\/"},"modified":"2025-07-18T14:14:07","modified_gmt":"2025-07-18T14:14:07","slug":"mise-a-jour-sur-lincident-de-cybersecurite","status":"publish","type":"post","link":"https:\/\/westjetbusinesstravel.com\/fr\/mise-a-jour-sur-lincident-de-cybersecurite\/","title":{"rendered":"Mise \u00e0 jour sur l&#8217;incident de cybers\u00e9curit\u00e9"},"content":{"rendered":"<p>Le 13 juin 2025, WestJet a identifi\u00e9 une activit\u00e9 suspecte sur ses syst\u00e8mes. Au cours des derni\u00e8res semaines, nous avons g\u00e9r\u00e9 l&#8217;incident de cybers\u00e9curit\u00e9 et nous pouvons confirmer qu&#8217;il a \u00e9t\u00e9 ma\u00eetris\u00e9 avec succ\u00e8s. Pour de plus amples renseignements, veuillez consulter le site <a href=\"https:\/\/www.westjet.com\/cyberinformation\" target=\"_blank\" rel=\"noopener\">westjet.com\/cyberinformation<\/a>.  <\/p>\n","protected":false},"excerpt":{"rendered":"<p>Le 13 juin 2025, WestJet a identifi\u00e9 une activit\u00e9 suspecte  [&#8230;]<\/p>\n","protected":false},"author":3,"featured_media":0,"comment_status":"closed","ping_status":"open","sticky":false,"template":"","format":"standard","meta":{"_acf_changed":false,"footnotes":""},"categories":[18],"tags":[],"class_list":["post-3030","post","type-post","status-publish","format-standard","hentry","category-non-categorise"],"acf":[],"yoast_head":"<!-- This site is optimized with the Yoast SEO plugin v26.6 - https:\/\/yoast.com\/wordpress\/plugins\/seo\/ -->\n<title>Mise \u00e0 jour sur l&#039;incident de cybers\u00e9curit\u00e9 - WestJet Business Travel<\/title>\n<meta name=\"robots\" content=\"noindex, follow\" \/>\n<meta property=\"og:locale\" content=\"fr_CA\" \/>\n<meta property=\"og:type\" content=\"article\" \/>\n<meta property=\"og:title\" content=\"Mise \u00e0 jour sur l&#039;incident de cybers\u00e9curit\u00e9 - WestJet Business Travel\" \/>\n<meta property=\"og:description\" content=\"Le 13 juin 2025, WestJet a identifi\u00e9 une activit\u00e9 suspecte [...]\" \/>\n<meta property=\"og:url\" content=\"https:\/\/westjetbusinesstravel.com\/fr\/mise-a-jour-sur-lincident-de-cybersecurite\/\" \/>\n<meta property=\"og:site_name\" content=\"WestJet Business Travel\" \/>\n<meta property=\"article:publisher\" content=\"https:\/\/www.facebook.com\/westjet\/\" \/>\n<meta property=\"article:published_time\" content=\"2025-07-18T14:14:07+00:00\" \/>\n<meta name=\"author\" content=\"Erin Mooney\" \/>\n<meta name=\"twitter:card\" content=\"summary_large_image\" \/>\n<meta name=\"twitter:creator\" content=\"@westjet\" \/>\n<meta name=\"twitter:site\" content=\"@westjet\" \/>\n<meta name=\"twitter:label1\" content=\"\u00c9crit par\" \/>\n\t<meta name=\"twitter:data1\" content=\"Erin Mooney\" \/>\n<script type=\"application\/ld+json\" class=\"yoast-schema-graph\">{\"@context\":\"https:\/\/schema.org\",\"@graph\":[{\"@type\":\"Article\",\"@id\":\"https:\/\/westjetbusinesstravel.com\/fr\/mise-a-jour-sur-lincident-de-cybersecurite\/#article\",\"isPartOf\":{\"@id\":\"https:\/\/westjetbusinesstravel.com\/fr\/mise-a-jour-sur-lincident-de-cybersecurite\/\"},\"author\":{\"name\":\"Erin Mooney\",\"@id\":\"https:\/\/westjetbusinesstravel.com\/fr\/#\/schema\/person\/8b407013397130070f10d47f9f1c690c\"},\"headline\":\"Mise \u00e0 jour sur l&#8217;incident de cybers\u00e9curit\u00e9\",\"datePublished\":\"2025-07-18T14:14:07+00:00\",\"mainEntityOfPage\":{\"@id\":\"https:\/\/westjetbusinesstravel.com\/fr\/mise-a-jour-sur-lincident-de-cybersecurite\/\"},\"wordCount\":60,\"publisher\":{\"@id\":\"https:\/\/westjetbusinesstravel.com\/fr\/#organization\"},\"articleSection\":[\"Non cat\u00e9goris\u00e9\"],\"inLanguage\":\"fr-CA\"},{\"@type\":\"WebPage\",\"@id\":\"https:\/\/westjetbusinesstravel.com\/fr\/mise-a-jour-sur-lincident-de-cybersecurite\/\",\"url\":\"https:\/\/westjetbusinesstravel.com\/fr\/mise-a-jour-sur-lincident-de-cybersecurite\/\",\"name\":\"Mise \u00e0 jour sur l'incident de cybers\u00e9curit\u00e9 - WestJet Business Travel\",\"isPartOf\":{\"@id\":\"https:\/\/westjetbusinesstravel.com\/fr\/#website\"},\"datePublished\":\"2025-07-18T14:14:07+00:00\",\"breadcrumb\":{\"@id\":\"https:\/\/westjetbusinesstravel.com\/fr\/mise-a-jour-sur-lincident-de-cybersecurite\/#breadcrumb\"},\"inLanguage\":\"fr-CA\",\"potentialAction\":[{\"@type\":\"ReadAction\",\"target\":[\"https:\/\/westjetbusinesstravel.com\/fr\/mise-a-jour-sur-lincident-de-cybersecurite\/\"]}]},{\"@type\":\"BreadcrumbList\",\"@id\":\"https:\/\/westjetbusinesstravel.com\/fr\/mise-a-jour-sur-lincident-de-cybersecurite\/#breadcrumb\",\"itemListElement\":[{\"@type\":\"ListItem\",\"position\":1,\"name\":\"Home\",\"item\":\"https:\/\/westjetbusinesstravel.com\/fr\/page-daccueil\/\"},{\"@type\":\"ListItem\",\"position\":2,\"name\":\"Mise \u00e0 jour sur l&#8217;incident de cybers\u00e9curit\u00e9\"}]},{\"@type\":\"WebSite\",\"@id\":\"https:\/\/westjetbusinesstravel.com\/fr\/#website\",\"url\":\"https:\/\/westjetbusinesstravel.com\/fr\/\",\"name\":\"WestJet Business Travel\",\"description\":\"\",\"publisher\":{\"@id\":\"https:\/\/westjetbusinesstravel.com\/fr\/#organization\"},\"potentialAction\":[{\"@type\":\"SearchAction\",\"target\":{\"@type\":\"EntryPoint\",\"urlTemplate\":\"https:\/\/westjetbusinesstravel.com\/fr\/?s={search_term_string}\"},\"query-input\":{\"@type\":\"PropertyValueSpecification\",\"valueRequired\":true,\"valueName\":\"search_term_string\"}}],\"inLanguage\":\"fr-CA\"},{\"@type\":\"Organization\",\"@id\":\"https:\/\/westjetbusinesstravel.com\/fr\/#organization\",\"name\":\"WestJet\",\"url\":\"https:\/\/westjetbusinesstravel.com\/fr\/\",\"logo\":{\"@type\":\"ImageObject\",\"inLanguage\":\"fr-CA\",\"@id\":\"https:\/\/westjetbusinesstravel.com\/fr\/#\/schema\/logo\/image\/\",\"url\":\"https:\/\/westjetbusinesstravel.com\/wp-content\/uploads\/2024\/11\/180710-sidekick-appicon-1.png\",\"contentUrl\":\"https:\/\/westjetbusinesstravel.com\/wp-content\/uploads\/2024\/11\/180710-sidekick-appicon-1.png\",\"width\":136,\"height\":136,\"caption\":\"WestJet\"},\"image\":{\"@id\":\"https:\/\/westjetbusinesstravel.com\/fr\/#\/schema\/logo\/image\/\"},\"sameAs\":[\"https:\/\/www.facebook.com\/westjet\/\",\"https:\/\/x.com\/westjet\"]},{\"@type\":\"Person\",\"@id\":\"https:\/\/westjetbusinesstravel.com\/fr\/#\/schema\/person\/8b407013397130070f10d47f9f1c690c\",\"name\":\"Erin Mooney\",\"image\":{\"@type\":\"ImageObject\",\"inLanguage\":\"fr-CA\",\"@id\":\"https:\/\/westjetbusinesstravel.com\/fr\/#\/schema\/person\/image\/\",\"url\":\"https:\/\/secure.gravatar.com\/avatar\/7fea0077087a3598fe78999beb6aa12fe52dabdbc41446873f3e34b19f9cb15a?s=96&d=mm&r=g\",\"contentUrl\":\"https:\/\/secure.gravatar.com\/avatar\/7fea0077087a3598fe78999beb6aa12fe52dabdbc41446873f3e34b19f9cb15a?s=96&d=mm&r=g\",\"caption\":\"Erin Mooney\"}}]}<\/script>\n<!-- \/ Yoast SEO plugin. -->","yoast_head_json":{"title":"Mise \u00e0 jour sur l'incident de cybers\u00e9curit\u00e9 - WestJet Business Travel","robots":{"index":"noindex","follow":"follow"},"og_locale":"fr_CA","og_type":"article","og_title":"Mise \u00e0 jour sur l'incident de cybers\u00e9curit\u00e9 - WestJet Business Travel","og_description":"Le 13 juin 2025, WestJet a identifi\u00e9 une activit\u00e9 suspecte [...]","og_url":"https:\/\/westjetbusinesstravel.com\/fr\/mise-a-jour-sur-lincident-de-cybersecurite\/","og_site_name":"WestJet Business Travel","article_publisher":"https:\/\/www.facebook.com\/westjet\/","article_published_time":"2025-07-18T14:14:07+00:00","author":"Erin Mooney","twitter_card":"summary_large_image","twitter_creator":"@westjet","twitter_site":"@westjet","twitter_misc":{"\u00c9crit par":"Erin Mooney"},"schema":{"@context":"https:\/\/schema.org","@graph":[{"@type":"Article","@id":"https:\/\/westjetbusinesstravel.com\/fr\/mise-a-jour-sur-lincident-de-cybersecurite\/#article","isPartOf":{"@id":"https:\/\/westjetbusinesstravel.com\/fr\/mise-a-jour-sur-lincident-de-cybersecurite\/"},"author":{"name":"Erin Mooney","@id":"https:\/\/westjetbusinesstravel.com\/fr\/#\/schema\/person\/8b407013397130070f10d47f9f1c690c"},"headline":"Mise \u00e0 jour sur l&#8217;incident de cybers\u00e9curit\u00e9","datePublished":"2025-07-18T14:14:07+00:00","mainEntityOfPage":{"@id":"https:\/\/westjetbusinesstravel.com\/fr\/mise-a-jour-sur-lincident-de-cybersecurite\/"},"wordCount":60,"publisher":{"@id":"https:\/\/westjetbusinesstravel.com\/fr\/#organization"},"articleSection":["Non cat\u00e9goris\u00e9"],"inLanguage":"fr-CA"},{"@type":"WebPage","@id":"https:\/\/westjetbusinesstravel.com\/fr\/mise-a-jour-sur-lincident-de-cybersecurite\/","url":"https:\/\/westjetbusinesstravel.com\/fr\/mise-a-jour-sur-lincident-de-cybersecurite\/","name":"Mise \u00e0 jour sur l'incident de cybers\u00e9curit\u00e9 - WestJet Business Travel","isPartOf":{"@id":"https:\/\/westjetbusinesstravel.com\/fr\/#website"},"datePublished":"2025-07-18T14:14:07+00:00","breadcrumb":{"@id":"https:\/\/westjetbusinesstravel.com\/fr\/mise-a-jour-sur-lincident-de-cybersecurite\/#breadcrumb"},"inLanguage":"fr-CA","potentialAction":[{"@type":"ReadAction","target":["https:\/\/westjetbusinesstravel.com\/fr\/mise-a-jour-sur-lincident-de-cybersecurite\/"]}]},{"@type":"BreadcrumbList","@id":"https:\/\/westjetbusinesstravel.com\/fr\/mise-a-jour-sur-lincident-de-cybersecurite\/#breadcrumb","itemListElement":[{"@type":"ListItem","position":1,"name":"Home","item":"https:\/\/westjetbusinesstravel.com\/fr\/page-daccueil\/"},{"@type":"ListItem","position":2,"name":"Mise \u00e0 jour sur l&#8217;incident de cybers\u00e9curit\u00e9"}]},{"@type":"WebSite","@id":"https:\/\/westjetbusinesstravel.com\/fr\/#website","url":"https:\/\/westjetbusinesstravel.com\/fr\/","name":"WestJet Business Travel","description":"","publisher":{"@id":"https:\/\/westjetbusinesstravel.com\/fr\/#organization"},"potentialAction":[{"@type":"SearchAction","target":{"@type":"EntryPoint","urlTemplate":"https:\/\/westjetbusinesstravel.com\/fr\/?s={search_term_string}"},"query-input":{"@type":"PropertyValueSpecification","valueRequired":true,"valueName":"search_term_string"}}],"inLanguage":"fr-CA"},{"@type":"Organization","@id":"https:\/\/westjetbusinesstravel.com\/fr\/#organization","name":"WestJet","url":"https:\/\/westjetbusinesstravel.com\/fr\/","logo":{"@type":"ImageObject","inLanguage":"fr-CA","@id":"https:\/\/westjetbusinesstravel.com\/fr\/#\/schema\/logo\/image\/","url":"https:\/\/westjetbusinesstravel.com\/wp-content\/uploads\/2024\/11\/180710-sidekick-appicon-1.png","contentUrl":"https:\/\/westjetbusinesstravel.com\/wp-content\/uploads\/2024\/11\/180710-sidekick-appicon-1.png","width":136,"height":136,"caption":"WestJet"},"image":{"@id":"https:\/\/westjetbusinesstravel.com\/fr\/#\/schema\/logo\/image\/"},"sameAs":["https:\/\/www.facebook.com\/westjet\/","https:\/\/x.com\/westjet"]},{"@type":"Person","@id":"https:\/\/westjetbusinesstravel.com\/fr\/#\/schema\/person\/8b407013397130070f10d47f9f1c690c","name":"Erin Mooney","image":{"@type":"ImageObject","inLanguage":"fr-CA","@id":"https:\/\/westjetbusinesstravel.com\/fr\/#\/schema\/person\/image\/","url":"https:\/\/secure.gravatar.com\/avatar\/7fea0077087a3598fe78999beb6aa12fe52dabdbc41446873f3e34b19f9cb15a?s=96&d=mm&r=g","contentUrl":"https:\/\/secure.gravatar.com\/avatar\/7fea0077087a3598fe78999beb6aa12fe52dabdbc41446873f3e34b19f9cb15a?s=96&d=mm&r=g","caption":"Erin Mooney"}}]}},"_links":{"self":[{"href":"https:\/\/westjetbusinesstravel.com\/fr\/wp-json\/wp\/v2\/posts\/3030","targetHints":{"allow":["GET"]}}],"collection":[{"href":"https:\/\/westjetbusinesstravel.com\/fr\/wp-json\/wp\/v2\/posts"}],"about":[{"href":"https:\/\/westjetbusinesstravel.com\/fr\/wp-json\/wp\/v2\/types\/post"}],"author":[{"embeddable":true,"href":"https:\/\/westjetbusinesstravel.com\/fr\/wp-json\/wp\/v2\/users\/3"}],"replies":[{"embeddable":true,"href":"https:\/\/westjetbusinesstravel.com\/fr\/wp-json\/wp\/v2\/comments?post=3030"}],"version-history":[{"count":0,"href":"https:\/\/westjetbusinesstravel.com\/fr\/wp-json\/wp\/v2\/posts\/3030\/revisions"}],"wp:attachment":[{"href":"https:\/\/westjetbusinesstravel.com\/fr\/wp-json\/wp\/v2\/media?parent=3030"}],"wp:term":[{"taxonomy":"category","embeddable":true,"href":"https:\/\/westjetbusinesstravel.com\/fr\/wp-json\/wp\/v2\/categories?post=3030"},{"taxonomy":"post_tag","embeddable":true,"href":"https:\/\/westjetbusinesstravel.com\/fr\/wp-json\/wp\/v2\/tags?post=3030"}],"curies":[{"name":"wp","href":"https:\/\/api.w.org\/{rel}","templated":true}]}}