{"id":2565,"date":"2025-04-04T22:00:36","date_gmt":"2025-04-04T22:00:36","guid":{"rendered":"https:\/\/westjetbusinesstravel.com\/westjet-poursuit-lexpansion-de-sa-flotte-en-ajoutant-des-avions-sunwing\/"},"modified":"2025-04-04T22:00:36","modified_gmt":"2025-04-04T22:00:36","slug":"westjet-poursuit-lexpansion-de-sa-flotte-en-ajoutant-des-avions-sunwing","status":"publish","type":"post","link":"https:\/\/westjetbusinesstravel.com\/fr\/westjet-poursuit-lexpansion-de-sa-flotte-en-ajoutant-des-avions-sunwing\/","title":{"rendered":"WestJet poursuit l&#8217;expansion de sa flotte en ajoutant des avions Sunwing"},"content":{"rendered":"<p>Trois avions Boeing 737 de Sunwing Airlines (queues 395, 396 et 393) sont entr\u00e9s en service pour WestJet, transportant les clients de WestJet et de Vacances Sunwing, alors que les deux fi\u00e8res marques canadiennes se pr\u00e9parent \u00e0 s&#8217;int\u00e9grer compl\u00e8tement.<\/p>\n","protected":false},"excerpt":{"rendered":"<p>Trois avions Boeing 737 de Sunwing Airlines (queues 395, 396  [&#8230;]<\/p>\n","protected":false},"author":3,"featured_media":2425,"comment_status":"open","ping_status":"open","sticky":false,"template":"","format":"standard","meta":{"_acf_changed":false,"footnotes":""},"categories":[18],"tags":[],"class_list":["post-2565","post","type-post","status-publish","format-standard","has-post-thumbnail","hentry","category-non-categorise"],"acf":[],"yoast_head":"<!-- This site is optimized with the Yoast SEO plugin v26.6 - https:\/\/yoast.com\/wordpress\/plugins\/seo\/ -->\n<title>WestJet poursuit l&#039;expansion de sa flotte en ajoutant des avions Sunwing - WestJet Business Travel<\/title>\n<meta name=\"robots\" content=\"noindex, follow\" \/>\n<meta property=\"og:locale\" content=\"fr_CA\" \/>\n<meta property=\"og:type\" content=\"article\" \/>\n<meta property=\"og:title\" content=\"WestJet poursuit l&#039;expansion de sa flotte en ajoutant des avions Sunwing - WestJet Business Travel\" \/>\n<meta property=\"og:description\" content=\"Trois avions Boeing 737 de Sunwing Airlines (queues 395, 396 [...]\" \/>\n<meta property=\"og:url\" content=\"https:\/\/westjetbusinesstravel.com\/fr\/westjet-poursuit-lexpansion-de-sa-flotte-en-ajoutant-des-avions-sunwing\/\" \/>\n<meta property=\"og:site_name\" content=\"WestJet Business Travel\" \/>\n<meta property=\"article:publisher\" content=\"https:\/\/www.facebook.com\/westjet\/\" \/>\n<meta property=\"article:published_time\" content=\"2025-04-04T22:00:36+00:00\" \/>\n<meta property=\"og:image\" content=\"https:\/\/westjetbusinesstravel.com\/wp-content\/uploads\/2025\/04\/Sunwing-integration-768x432-1.png\" \/>\n\t<meta property=\"og:image:width\" content=\"768\" \/>\n\t<meta property=\"og:image:height\" content=\"432\" \/>\n\t<meta property=\"og:image:type\" content=\"image\/png\" \/>\n<meta name=\"author\" content=\"Erin Mooney\" \/>\n<meta name=\"twitter:card\" content=\"summary_large_image\" \/>\n<meta name=\"twitter:creator\" content=\"@westjet\" \/>\n<meta name=\"twitter:site\" content=\"@westjet\" \/>\n<meta name=\"twitter:label1\" content=\"\u00c9crit par\" \/>\n\t<meta name=\"twitter:data1\" content=\"Erin Mooney\" \/>\n<script type=\"application\/ld+json\" class=\"yoast-schema-graph\">{\"@context\":\"https:\/\/schema.org\",\"@graph\":[{\"@type\":\"Article\",\"@id\":\"https:\/\/westjetbusinesstravel.com\/fr\/westjet-poursuit-lexpansion-de-sa-flotte-en-ajoutant-des-avions-sunwing\/#article\",\"isPartOf\":{\"@id\":\"https:\/\/westjetbusinesstravel.com\/fr\/westjet-poursuit-lexpansion-de-sa-flotte-en-ajoutant-des-avions-sunwing\/\"},\"author\":{\"name\":\"Erin Mooney\",\"@id\":\"https:\/\/westjetbusinesstravel.com\/fr\/#\/schema\/person\/8b407013397130070f10d47f9f1c690c\"},\"headline\":\"WestJet poursuit l&#8217;expansion de sa flotte en ajoutant des avions Sunwing\",\"datePublished\":\"2025-04-04T22:00:36+00:00\",\"mainEntityOfPage\":{\"@id\":\"https:\/\/westjetbusinesstravel.com\/fr\/westjet-poursuit-lexpansion-de-sa-flotte-en-ajoutant-des-avions-sunwing\/\"},\"wordCount\":52,\"commentCount\":0,\"publisher\":{\"@id\":\"https:\/\/westjetbusinesstravel.com\/fr\/#organization\"},\"image\":{\"@id\":\"https:\/\/westjetbusinesstravel.com\/fr\/westjet-poursuit-lexpansion-de-sa-flotte-en-ajoutant-des-avions-sunwing\/#primaryimage\"},\"thumbnailUrl\":\"https:\/\/westjetbusinesstravel.com\/wp-content\/uploads\/2025\/04\/Sunwing-integration-768x432-1.png\",\"articleSection\":[\"Non cat\u00e9goris\u00e9\"],\"inLanguage\":\"fr-CA\",\"potentialAction\":[{\"@type\":\"CommentAction\",\"name\":\"Comment\",\"target\":[\"https:\/\/westjetbusinesstravel.com\/fr\/westjet-poursuit-lexpansion-de-sa-flotte-en-ajoutant-des-avions-sunwing\/#respond\"]}]},{\"@type\":\"WebPage\",\"@id\":\"https:\/\/westjetbusinesstravel.com\/fr\/westjet-poursuit-lexpansion-de-sa-flotte-en-ajoutant-des-avions-sunwing\/\",\"url\":\"https:\/\/westjetbusinesstravel.com\/fr\/westjet-poursuit-lexpansion-de-sa-flotte-en-ajoutant-des-avions-sunwing\/\",\"name\":\"WestJet poursuit l'expansion de sa flotte en ajoutant des avions Sunwing - WestJet Business Travel\",\"isPartOf\":{\"@id\":\"https:\/\/westjetbusinesstravel.com\/fr\/#website\"},\"primaryImageOfPage\":{\"@id\":\"https:\/\/westjetbusinesstravel.com\/fr\/westjet-poursuit-lexpansion-de-sa-flotte-en-ajoutant-des-avions-sunwing\/#primaryimage\"},\"image\":{\"@id\":\"https:\/\/westjetbusinesstravel.com\/fr\/westjet-poursuit-lexpansion-de-sa-flotte-en-ajoutant-des-avions-sunwing\/#primaryimage\"},\"thumbnailUrl\":\"https:\/\/westjetbusinesstravel.com\/wp-content\/uploads\/2025\/04\/Sunwing-integration-768x432-1.png\",\"datePublished\":\"2025-04-04T22:00:36+00:00\",\"breadcrumb\":{\"@id\":\"https:\/\/westjetbusinesstravel.com\/fr\/westjet-poursuit-lexpansion-de-sa-flotte-en-ajoutant-des-avions-sunwing\/#breadcrumb\"},\"inLanguage\":\"fr-CA\",\"potentialAction\":[{\"@type\":\"ReadAction\",\"target\":[\"https:\/\/westjetbusinesstravel.com\/fr\/westjet-poursuit-lexpansion-de-sa-flotte-en-ajoutant-des-avions-sunwing\/\"]}]},{\"@type\":\"ImageObject\",\"inLanguage\":\"fr-CA\",\"@id\":\"https:\/\/westjetbusinesstravel.com\/fr\/westjet-poursuit-lexpansion-de-sa-flotte-en-ajoutant-des-avions-sunwing\/#primaryimage\",\"url\":\"https:\/\/westjetbusinesstravel.com\/wp-content\/uploads\/2025\/04\/Sunwing-integration-768x432-1.png\",\"contentUrl\":\"https:\/\/westjetbusinesstravel.com\/wp-content\/uploads\/2025\/04\/Sunwing-integration-768x432-1.png\",\"width\":768,\"height\":432},{\"@type\":\"BreadcrumbList\",\"@id\":\"https:\/\/westjetbusinesstravel.com\/fr\/westjet-poursuit-lexpansion-de-sa-flotte-en-ajoutant-des-avions-sunwing\/#breadcrumb\",\"itemListElement\":[{\"@type\":\"ListItem\",\"position\":1,\"name\":\"Home\",\"item\":\"https:\/\/westjetbusinesstravel.com\/fr\/page-daccueil\/\"},{\"@type\":\"ListItem\",\"position\":2,\"name\":\"WestJet poursuit l&#8217;expansion de sa flotte en ajoutant des avions Sunwing\"}]},{\"@type\":\"WebSite\",\"@id\":\"https:\/\/westjetbusinesstravel.com\/fr\/#website\",\"url\":\"https:\/\/westjetbusinesstravel.com\/fr\/\",\"name\":\"WestJet Business Travel\",\"description\":\"\",\"publisher\":{\"@id\":\"https:\/\/westjetbusinesstravel.com\/fr\/#organization\"},\"potentialAction\":[{\"@type\":\"SearchAction\",\"target\":{\"@type\":\"EntryPoint\",\"urlTemplate\":\"https:\/\/westjetbusinesstravel.com\/fr\/?s={search_term_string}\"},\"query-input\":{\"@type\":\"PropertyValueSpecification\",\"valueRequired\":true,\"valueName\":\"search_term_string\"}}],\"inLanguage\":\"fr-CA\"},{\"@type\":\"Organization\",\"@id\":\"https:\/\/westjetbusinesstravel.com\/fr\/#organization\",\"name\":\"WestJet\",\"url\":\"https:\/\/westjetbusinesstravel.com\/fr\/\",\"logo\":{\"@type\":\"ImageObject\",\"inLanguage\":\"fr-CA\",\"@id\":\"https:\/\/westjetbusinesstravel.com\/fr\/#\/schema\/logo\/image\/\",\"url\":\"https:\/\/westjetbusinesstravel.com\/wp-content\/uploads\/2024\/11\/180710-sidekick-appicon-1.png\",\"contentUrl\":\"https:\/\/westjetbusinesstravel.com\/wp-content\/uploads\/2024\/11\/180710-sidekick-appicon-1.png\",\"width\":136,\"height\":136,\"caption\":\"WestJet\"},\"image\":{\"@id\":\"https:\/\/westjetbusinesstravel.com\/fr\/#\/schema\/logo\/image\/\"},\"sameAs\":[\"https:\/\/www.facebook.com\/westjet\/\",\"https:\/\/x.com\/westjet\"]},{\"@type\":\"Person\",\"@id\":\"https:\/\/westjetbusinesstravel.com\/fr\/#\/schema\/person\/8b407013397130070f10d47f9f1c690c\",\"name\":\"Erin Mooney\",\"image\":{\"@type\":\"ImageObject\",\"inLanguage\":\"fr-CA\",\"@id\":\"https:\/\/westjetbusinesstravel.com\/fr\/#\/schema\/person\/image\/\",\"url\":\"https:\/\/secure.gravatar.com\/avatar\/7fea0077087a3598fe78999beb6aa12fe52dabdbc41446873f3e34b19f9cb15a?s=96&d=mm&r=g\",\"contentUrl\":\"https:\/\/secure.gravatar.com\/avatar\/7fea0077087a3598fe78999beb6aa12fe52dabdbc41446873f3e34b19f9cb15a?s=96&d=mm&r=g\",\"caption\":\"Erin Mooney\"}}]}<\/script>\n<!-- \/ Yoast SEO plugin. -->","yoast_head_json":{"title":"WestJet poursuit l'expansion de sa flotte en ajoutant des avions Sunwing - WestJet Business Travel","robots":{"index":"noindex","follow":"follow"},"og_locale":"fr_CA","og_type":"article","og_title":"WestJet poursuit l'expansion de sa flotte en ajoutant des avions Sunwing - WestJet Business Travel","og_description":"Trois avions Boeing 737 de Sunwing Airlines (queues 395, 396 [...]","og_url":"https:\/\/westjetbusinesstravel.com\/fr\/westjet-poursuit-lexpansion-de-sa-flotte-en-ajoutant-des-avions-sunwing\/","og_site_name":"WestJet Business Travel","article_publisher":"https:\/\/www.facebook.com\/westjet\/","article_published_time":"2025-04-04T22:00:36+00:00","og_image":[{"width":768,"height":432,"url":"https:\/\/westjetbusinesstravel.com\/wp-content\/uploads\/2025\/04\/Sunwing-integration-768x432-1.png","type":"image\/png"}],"author":"Erin Mooney","twitter_card":"summary_large_image","twitter_creator":"@westjet","twitter_site":"@westjet","twitter_misc":{"\u00c9crit par":"Erin Mooney"},"schema":{"@context":"https:\/\/schema.org","@graph":[{"@type":"Article","@id":"https:\/\/westjetbusinesstravel.com\/fr\/westjet-poursuit-lexpansion-de-sa-flotte-en-ajoutant-des-avions-sunwing\/#article","isPartOf":{"@id":"https:\/\/westjetbusinesstravel.com\/fr\/westjet-poursuit-lexpansion-de-sa-flotte-en-ajoutant-des-avions-sunwing\/"},"author":{"name":"Erin Mooney","@id":"https:\/\/westjetbusinesstravel.com\/fr\/#\/schema\/person\/8b407013397130070f10d47f9f1c690c"},"headline":"WestJet poursuit l&#8217;expansion de sa flotte en ajoutant des avions Sunwing","datePublished":"2025-04-04T22:00:36+00:00","mainEntityOfPage":{"@id":"https:\/\/westjetbusinesstravel.com\/fr\/westjet-poursuit-lexpansion-de-sa-flotte-en-ajoutant-des-avions-sunwing\/"},"wordCount":52,"commentCount":0,"publisher":{"@id":"https:\/\/westjetbusinesstravel.com\/fr\/#organization"},"image":{"@id":"https:\/\/westjetbusinesstravel.com\/fr\/westjet-poursuit-lexpansion-de-sa-flotte-en-ajoutant-des-avions-sunwing\/#primaryimage"},"thumbnailUrl":"https:\/\/westjetbusinesstravel.com\/wp-content\/uploads\/2025\/04\/Sunwing-integration-768x432-1.png","articleSection":["Non cat\u00e9goris\u00e9"],"inLanguage":"fr-CA","potentialAction":[{"@type":"CommentAction","name":"Comment","target":["https:\/\/westjetbusinesstravel.com\/fr\/westjet-poursuit-lexpansion-de-sa-flotte-en-ajoutant-des-avions-sunwing\/#respond"]}]},{"@type":"WebPage","@id":"https:\/\/westjetbusinesstravel.com\/fr\/westjet-poursuit-lexpansion-de-sa-flotte-en-ajoutant-des-avions-sunwing\/","url":"https:\/\/westjetbusinesstravel.com\/fr\/westjet-poursuit-lexpansion-de-sa-flotte-en-ajoutant-des-avions-sunwing\/","name":"WestJet poursuit l'expansion de sa flotte en ajoutant des avions Sunwing - WestJet Business Travel","isPartOf":{"@id":"https:\/\/westjetbusinesstravel.com\/fr\/#website"},"primaryImageOfPage":{"@id":"https:\/\/westjetbusinesstravel.com\/fr\/westjet-poursuit-lexpansion-de-sa-flotte-en-ajoutant-des-avions-sunwing\/#primaryimage"},"image":{"@id":"https:\/\/westjetbusinesstravel.com\/fr\/westjet-poursuit-lexpansion-de-sa-flotte-en-ajoutant-des-avions-sunwing\/#primaryimage"},"thumbnailUrl":"https:\/\/westjetbusinesstravel.com\/wp-content\/uploads\/2025\/04\/Sunwing-integration-768x432-1.png","datePublished":"2025-04-04T22:00:36+00:00","breadcrumb":{"@id":"https:\/\/westjetbusinesstravel.com\/fr\/westjet-poursuit-lexpansion-de-sa-flotte-en-ajoutant-des-avions-sunwing\/#breadcrumb"},"inLanguage":"fr-CA","potentialAction":[{"@type":"ReadAction","target":["https:\/\/westjetbusinesstravel.com\/fr\/westjet-poursuit-lexpansion-de-sa-flotte-en-ajoutant-des-avions-sunwing\/"]}]},{"@type":"ImageObject","inLanguage":"fr-CA","@id":"https:\/\/westjetbusinesstravel.com\/fr\/westjet-poursuit-lexpansion-de-sa-flotte-en-ajoutant-des-avions-sunwing\/#primaryimage","url":"https:\/\/westjetbusinesstravel.com\/wp-content\/uploads\/2025\/04\/Sunwing-integration-768x432-1.png","contentUrl":"https:\/\/westjetbusinesstravel.com\/wp-content\/uploads\/2025\/04\/Sunwing-integration-768x432-1.png","width":768,"height":432},{"@type":"BreadcrumbList","@id":"https:\/\/westjetbusinesstravel.com\/fr\/westjet-poursuit-lexpansion-de-sa-flotte-en-ajoutant-des-avions-sunwing\/#breadcrumb","itemListElement":[{"@type":"ListItem","position":1,"name":"Home","item":"https:\/\/westjetbusinesstravel.com\/fr\/page-daccueil\/"},{"@type":"ListItem","position":2,"name":"WestJet poursuit l&#8217;expansion de sa flotte en ajoutant des avions Sunwing"}]},{"@type":"WebSite","@id":"https:\/\/westjetbusinesstravel.com\/fr\/#website","url":"https:\/\/westjetbusinesstravel.com\/fr\/","name":"WestJet Business Travel","description":"","publisher":{"@id":"https:\/\/westjetbusinesstravel.com\/fr\/#organization"},"potentialAction":[{"@type":"SearchAction","target":{"@type":"EntryPoint","urlTemplate":"https:\/\/westjetbusinesstravel.com\/fr\/?s={search_term_string}"},"query-input":{"@type":"PropertyValueSpecification","valueRequired":true,"valueName":"search_term_string"}}],"inLanguage":"fr-CA"},{"@type":"Organization","@id":"https:\/\/westjetbusinesstravel.com\/fr\/#organization","name":"WestJet","url":"https:\/\/westjetbusinesstravel.com\/fr\/","logo":{"@type":"ImageObject","inLanguage":"fr-CA","@id":"https:\/\/westjetbusinesstravel.com\/fr\/#\/schema\/logo\/image\/","url":"https:\/\/westjetbusinesstravel.com\/wp-content\/uploads\/2024\/11\/180710-sidekick-appicon-1.png","contentUrl":"https:\/\/westjetbusinesstravel.com\/wp-content\/uploads\/2024\/11\/180710-sidekick-appicon-1.png","width":136,"height":136,"caption":"WestJet"},"image":{"@id":"https:\/\/westjetbusinesstravel.com\/fr\/#\/schema\/logo\/image\/"},"sameAs":["https:\/\/www.facebook.com\/westjet\/","https:\/\/x.com\/westjet"]},{"@type":"Person","@id":"https:\/\/westjetbusinesstravel.com\/fr\/#\/schema\/person\/8b407013397130070f10d47f9f1c690c","name":"Erin Mooney","image":{"@type":"ImageObject","inLanguage":"fr-CA","@id":"https:\/\/westjetbusinesstravel.com\/fr\/#\/schema\/person\/image\/","url":"https:\/\/secure.gravatar.com\/avatar\/7fea0077087a3598fe78999beb6aa12fe52dabdbc41446873f3e34b19f9cb15a?s=96&d=mm&r=g","contentUrl":"https:\/\/secure.gravatar.com\/avatar\/7fea0077087a3598fe78999beb6aa12fe52dabdbc41446873f3e34b19f9cb15a?s=96&d=mm&r=g","caption":"Erin Mooney"}}]}},"_links":{"self":[{"href":"https:\/\/westjetbusinesstravel.com\/fr\/wp-json\/wp\/v2\/posts\/2565","targetHints":{"allow":["GET"]}}],"collection":[{"href":"https:\/\/westjetbusinesstravel.com\/fr\/wp-json\/wp\/v2\/posts"}],"about":[{"href":"https:\/\/westjetbusinesstravel.com\/fr\/wp-json\/wp\/v2\/types\/post"}],"author":[{"embeddable":true,"href":"https:\/\/westjetbusinesstravel.com\/fr\/wp-json\/wp\/v2\/users\/3"}],"replies":[{"embeddable":true,"href":"https:\/\/westjetbusinesstravel.com\/fr\/wp-json\/wp\/v2\/comments?post=2565"}],"version-history":[{"count":0,"href":"https:\/\/westjetbusinesstravel.com\/fr\/wp-json\/wp\/v2\/posts\/2565\/revisions"}],"wp:featuredmedia":[{"embeddable":true,"href":"https:\/\/westjetbusinesstravel.com\/fr\/wp-json\/wp\/v2\/media\/2425"}],"wp:attachment":[{"href":"https:\/\/westjetbusinesstravel.com\/fr\/wp-json\/wp\/v2\/media?parent=2565"}],"wp:term":[{"taxonomy":"category","embeddable":true,"href":"https:\/\/westjetbusinesstravel.com\/fr\/wp-json\/wp\/v2\/categories?post=2565"},{"taxonomy":"post_tag","embeddable":true,"href":"https:\/\/westjetbusinesstravel.com\/fr\/wp-json\/wp\/v2\/tags?post=2565"}],"curies":[{"name":"wp","href":"https:\/\/api.w.org\/{rel}","templated":true}]}}