{"id":2556,"date":"2025-04-08T21:57:48","date_gmt":"2025-04-08T21:57:48","guid":{"rendered":"https:\/\/westjetbusinesstravel.com\/westjet-cargo-celebre-la-croissance-significative-de-ses-activites-de-fret-aerien-et-presente-les-changements-strategiques-de-son-reseau-et-ses-initiatives-numeriques\/"},"modified":"2025-04-08T21:57:48","modified_gmt":"2025-04-08T21:57:48","slug":"westjet-cargo-celebre-la-croissance-significative-de-ses-activites-de-fret-aerien-et-presente-les-changements-strategiques-de-son-reseau-et-ses-initiatives-numeriques","status":"publish","type":"post","link":"https:\/\/westjetbusinesstravel.com\/fr\/westjet-cargo-celebre-la-croissance-significative-de-ses-activites-de-fret-aerien-et-presente-les-changements-strategiques-de-son-reseau-et-ses-initiatives-numeriques\/","title":{"rendered":"WestJet Cargo c\u00e9l\u00e8bre la croissance significative de ses activit\u00e9s de fret a\u00e9rien et pr\u00e9sente les changements strat\u00e9giques de son r\u00e9seau et ses initiatives num\u00e9riques."},"content":{"rendered":"<p>Les activit\u00e9s de fret de WestJet ont c\u00e9l\u00e9br\u00e9 une ann\u00e9e 2024 tr\u00e8s r\u00e9ussie, marqu\u00e9e par une croissance sur de multiples fronts. La compagnie a\u00e9rienne a constat\u00e9 une hausse de la demande de fret ventral, a \u00e9largi son r\u00e9seau avec de nouveaux itin\u00e9raires et&#8230; <\/p>\n","protected":false},"excerpt":{"rendered":"<p>Les activit\u00e9s de fret de WestJet ont c\u00e9l\u00e9br\u00e9 une ann\u00e9e  [&#8230;]<\/p>\n","protected":false},"author":3,"featured_media":2405,"comment_status":"open","ping_status":"open","sticky":false,"template":"","format":"standard","meta":{"_acf_changed":false,"footnotes":""},"categories":[18],"tags":[],"class_list":["post-2556","post","type-post","status-publish","format-standard","has-post-thumbnail","hentry","category-non-categorise"],"acf":[],"yoast_head":"<!-- This site is optimized with the Yoast SEO plugin v26.6 - https:\/\/yoast.com\/wordpress\/plugins\/seo\/ -->\n<title>WestJet Cargo c\u00e9l\u00e8bre la croissance significative de ses activit\u00e9s de fret a\u00e9rien et pr\u00e9sente les changements strat\u00e9giques de son r\u00e9seau et ses initiatives num\u00e9riques. - WestJet Business Travel<\/title>\n<meta name=\"robots\" content=\"noindex, follow\" \/>\n<meta property=\"og:locale\" content=\"fr_CA\" \/>\n<meta property=\"og:type\" content=\"article\" \/>\n<meta property=\"og:title\" content=\"WestJet Cargo c\u00e9l\u00e8bre la croissance significative de ses activit\u00e9s de fret a\u00e9rien et pr\u00e9sente les changements strat\u00e9giques de son r\u00e9seau et ses initiatives num\u00e9riques. - WestJet Business Travel\" \/>\n<meta property=\"og:description\" content=\"Les activit\u00e9s de fret de WestJet ont c\u00e9l\u00e9br\u00e9 une ann\u00e9e [...]\" \/>\n<meta property=\"og:url\" content=\"https:\/\/westjetbusinesstravel.com\/fr\/westjet-cargo-celebre-la-croissance-significative-de-ses-activites-de-fret-aerien-et-presente-les-changements-strategiques-de-son-reseau-et-ses-initiatives-numeriques\/\" \/>\n<meta property=\"og:site_name\" content=\"WestJet Business Travel\" \/>\n<meta property=\"article:publisher\" content=\"https:\/\/www.facebook.com\/westjet\/\" \/>\n<meta property=\"article:published_time\" content=\"2025-04-08T21:57:48+00:00\" \/>\n<meta property=\"og:image\" content=\"https:\/\/westjetbusinesstravel.com\/wp-content\/uploads\/2025\/04\/04-08-25-cargo-newsroom.jpg\" \/>\n\t<meta property=\"og:image:width\" content=\"1090\" \/>\n\t<meta property=\"og:image:height\" content=\"615\" \/>\n\t<meta property=\"og:image:type\" content=\"image\/jpeg\" \/>\n<meta name=\"author\" content=\"Erin Mooney\" \/>\n<meta name=\"twitter:card\" content=\"summary_large_image\" \/>\n<meta name=\"twitter:creator\" content=\"@westjet\" \/>\n<meta name=\"twitter:site\" content=\"@westjet\" \/>\n<meta name=\"twitter:label1\" content=\"\u00c9crit par\" \/>\n\t<meta name=\"twitter:data1\" content=\"Erin Mooney\" \/>\n<script type=\"application\/ld+json\" class=\"yoast-schema-graph\">{\"@context\":\"https:\/\/schema.org\",\"@graph\":[{\"@type\":\"Article\",\"@id\":\"https:\/\/westjetbusinesstravel.com\/fr\/westjet-cargo-celebre-la-croissance-significative-de-ses-activites-de-fret-aerien-et-presente-les-changements-strategiques-de-son-reseau-et-ses-initiatives-numeriques\/#article\",\"isPartOf\":{\"@id\":\"https:\/\/westjetbusinesstravel.com\/fr\/westjet-cargo-celebre-la-croissance-significative-de-ses-activites-de-fret-aerien-et-presente-les-changements-strategiques-de-son-reseau-et-ses-initiatives-numeriques\/\"},\"author\":{\"name\":\"Erin Mooney\",\"@id\":\"https:\/\/westjetbusinesstravel.com\/fr\/#\/schema\/person\/8b407013397130070f10d47f9f1c690c\"},\"headline\":\"WestJet Cargo c\u00e9l\u00e8bre la croissance significative de ses activit\u00e9s de fret a\u00e9rien et pr\u00e9sente les changements strat\u00e9giques de son r\u00e9seau et ses initiatives num\u00e9riques.\",\"datePublished\":\"2025-04-08T21:57:48+00:00\",\"mainEntityOfPage\":{\"@id\":\"https:\/\/westjetbusinesstravel.com\/fr\/westjet-cargo-celebre-la-croissance-significative-de-ses-activites-de-fret-aerien-et-presente-les-changements-strategiques-de-son-reseau-et-ses-initiatives-numeriques\/\"},\"wordCount\":84,\"commentCount\":0,\"publisher\":{\"@id\":\"https:\/\/westjetbusinesstravel.com\/fr\/#organization\"},\"image\":{\"@id\":\"https:\/\/westjetbusinesstravel.com\/fr\/westjet-cargo-celebre-la-croissance-significative-de-ses-activites-de-fret-aerien-et-presente-les-changements-strategiques-de-son-reseau-et-ses-initiatives-numeriques\/#primaryimage\"},\"thumbnailUrl\":\"https:\/\/westjetbusinesstravel.com\/wp-content\/uploads\/2025\/04\/04-08-25-cargo-newsroom.jpg\",\"articleSection\":[\"Non cat\u00e9goris\u00e9\"],\"inLanguage\":\"fr-CA\",\"potentialAction\":[{\"@type\":\"CommentAction\",\"name\":\"Comment\",\"target\":[\"https:\/\/westjetbusinesstravel.com\/fr\/westjet-cargo-celebre-la-croissance-significative-de-ses-activites-de-fret-aerien-et-presente-les-changements-strategiques-de-son-reseau-et-ses-initiatives-numeriques\/#respond\"]}]},{\"@type\":\"WebPage\",\"@id\":\"https:\/\/westjetbusinesstravel.com\/fr\/westjet-cargo-celebre-la-croissance-significative-de-ses-activites-de-fret-aerien-et-presente-les-changements-strategiques-de-son-reseau-et-ses-initiatives-numeriques\/\",\"url\":\"https:\/\/westjetbusinesstravel.com\/fr\/westjet-cargo-celebre-la-croissance-significative-de-ses-activites-de-fret-aerien-et-presente-les-changements-strategiques-de-son-reseau-et-ses-initiatives-numeriques\/\",\"name\":\"WestJet Cargo c\u00e9l\u00e8bre la croissance significative de ses activit\u00e9s de fret a\u00e9rien et pr\u00e9sente les changements strat\u00e9giques de son r\u00e9seau et ses initiatives num\u00e9riques. - WestJet Business Travel\",\"isPartOf\":{\"@id\":\"https:\/\/westjetbusinesstravel.com\/fr\/#website\"},\"primaryImageOfPage\":{\"@id\":\"https:\/\/westjetbusinesstravel.com\/fr\/westjet-cargo-celebre-la-croissance-significative-de-ses-activites-de-fret-aerien-et-presente-les-changements-strategiques-de-son-reseau-et-ses-initiatives-numeriques\/#primaryimage\"},\"image\":{\"@id\":\"https:\/\/westjetbusinesstravel.com\/fr\/westjet-cargo-celebre-la-croissance-significative-de-ses-activites-de-fret-aerien-et-presente-les-changements-strategiques-de-son-reseau-et-ses-initiatives-numeriques\/#primaryimage\"},\"thumbnailUrl\":\"https:\/\/westjetbusinesstravel.com\/wp-content\/uploads\/2025\/04\/04-08-25-cargo-newsroom.jpg\",\"datePublished\":\"2025-04-08T21:57:48+00:00\",\"breadcrumb\":{\"@id\":\"https:\/\/westjetbusinesstravel.com\/fr\/westjet-cargo-celebre-la-croissance-significative-de-ses-activites-de-fret-aerien-et-presente-les-changements-strategiques-de-son-reseau-et-ses-initiatives-numeriques\/#breadcrumb\"},\"inLanguage\":\"fr-CA\",\"potentialAction\":[{\"@type\":\"ReadAction\",\"target\":[\"https:\/\/westjetbusinesstravel.com\/fr\/westjet-cargo-celebre-la-croissance-significative-de-ses-activites-de-fret-aerien-et-presente-les-changements-strategiques-de-son-reseau-et-ses-initiatives-numeriques\/\"]}]},{\"@type\":\"ImageObject\",\"inLanguage\":\"fr-CA\",\"@id\":\"https:\/\/westjetbusinesstravel.com\/fr\/westjet-cargo-celebre-la-croissance-significative-de-ses-activites-de-fret-aerien-et-presente-les-changements-strategiques-de-son-reseau-et-ses-initiatives-numeriques\/#primaryimage\",\"url\":\"https:\/\/westjetbusinesstravel.com\/wp-content\/uploads\/2025\/04\/04-08-25-cargo-newsroom.jpg\",\"contentUrl\":\"https:\/\/westjetbusinesstravel.com\/wp-content\/uploads\/2025\/04\/04-08-25-cargo-newsroom.jpg\",\"width\":1090,\"height\":615},{\"@type\":\"BreadcrumbList\",\"@id\":\"https:\/\/westjetbusinesstravel.com\/fr\/westjet-cargo-celebre-la-croissance-significative-de-ses-activites-de-fret-aerien-et-presente-les-changements-strategiques-de-son-reseau-et-ses-initiatives-numeriques\/#breadcrumb\",\"itemListElement\":[{\"@type\":\"ListItem\",\"position\":1,\"name\":\"Home\",\"item\":\"https:\/\/westjetbusinesstravel.com\/fr\/page-daccueil\/\"},{\"@type\":\"ListItem\",\"position\":2,\"name\":\"WestJet Cargo c\u00e9l\u00e8bre la croissance significative de ses activit\u00e9s de fret a\u00e9rien et pr\u00e9sente les changements strat\u00e9giques de son r\u00e9seau et ses initiatives num\u00e9riques.\"}]},{\"@type\":\"WebSite\",\"@id\":\"https:\/\/westjetbusinesstravel.com\/fr\/#website\",\"url\":\"https:\/\/westjetbusinesstravel.com\/fr\/\",\"name\":\"WestJet Business Travel\",\"description\":\"\",\"publisher\":{\"@id\":\"https:\/\/westjetbusinesstravel.com\/fr\/#organization\"},\"potentialAction\":[{\"@type\":\"SearchAction\",\"target\":{\"@type\":\"EntryPoint\",\"urlTemplate\":\"https:\/\/westjetbusinesstravel.com\/fr\/?s={search_term_string}\"},\"query-input\":{\"@type\":\"PropertyValueSpecification\",\"valueRequired\":true,\"valueName\":\"search_term_string\"}}],\"inLanguage\":\"fr-CA\"},{\"@type\":\"Organization\",\"@id\":\"https:\/\/westjetbusinesstravel.com\/fr\/#organization\",\"name\":\"WestJet\",\"url\":\"https:\/\/westjetbusinesstravel.com\/fr\/\",\"logo\":{\"@type\":\"ImageObject\",\"inLanguage\":\"fr-CA\",\"@id\":\"https:\/\/westjetbusinesstravel.com\/fr\/#\/schema\/logo\/image\/\",\"url\":\"https:\/\/westjetbusinesstravel.com\/wp-content\/uploads\/2024\/11\/180710-sidekick-appicon-1.png\",\"contentUrl\":\"https:\/\/westjetbusinesstravel.com\/wp-content\/uploads\/2024\/11\/180710-sidekick-appicon-1.png\",\"width\":136,\"height\":136,\"caption\":\"WestJet\"},\"image\":{\"@id\":\"https:\/\/westjetbusinesstravel.com\/fr\/#\/schema\/logo\/image\/\"},\"sameAs\":[\"https:\/\/www.facebook.com\/westjet\/\",\"https:\/\/x.com\/westjet\"]},{\"@type\":\"Person\",\"@id\":\"https:\/\/westjetbusinesstravel.com\/fr\/#\/schema\/person\/8b407013397130070f10d47f9f1c690c\",\"name\":\"Erin Mooney\",\"image\":{\"@type\":\"ImageObject\",\"inLanguage\":\"fr-CA\",\"@id\":\"https:\/\/westjetbusinesstravel.com\/fr\/#\/schema\/person\/image\/\",\"url\":\"https:\/\/secure.gravatar.com\/avatar\/7fea0077087a3598fe78999beb6aa12fe52dabdbc41446873f3e34b19f9cb15a?s=96&d=mm&r=g\",\"contentUrl\":\"https:\/\/secure.gravatar.com\/avatar\/7fea0077087a3598fe78999beb6aa12fe52dabdbc41446873f3e34b19f9cb15a?s=96&d=mm&r=g\",\"caption\":\"Erin Mooney\"}}]}<\/script>\n<!-- \/ Yoast SEO plugin. -->","yoast_head_json":{"title":"WestJet Cargo c\u00e9l\u00e8bre la croissance significative de ses activit\u00e9s de fret a\u00e9rien et pr\u00e9sente les changements strat\u00e9giques de son r\u00e9seau et ses initiatives num\u00e9riques. - WestJet Business Travel","robots":{"index":"noindex","follow":"follow"},"og_locale":"fr_CA","og_type":"article","og_title":"WestJet Cargo c\u00e9l\u00e8bre la croissance significative de ses activit\u00e9s de fret a\u00e9rien et pr\u00e9sente les changements strat\u00e9giques de son r\u00e9seau et ses initiatives num\u00e9riques. - WestJet Business Travel","og_description":"Les activit\u00e9s de fret de WestJet ont c\u00e9l\u00e9br\u00e9 une ann\u00e9e [...]","og_url":"https:\/\/westjetbusinesstravel.com\/fr\/westjet-cargo-celebre-la-croissance-significative-de-ses-activites-de-fret-aerien-et-presente-les-changements-strategiques-de-son-reseau-et-ses-initiatives-numeriques\/","og_site_name":"WestJet Business Travel","article_publisher":"https:\/\/www.facebook.com\/westjet\/","article_published_time":"2025-04-08T21:57:48+00:00","og_image":[{"width":1090,"height":615,"url":"https:\/\/westjetbusinesstravel.com\/wp-content\/uploads\/2025\/04\/04-08-25-cargo-newsroom.jpg","type":"image\/jpeg"}],"author":"Erin Mooney","twitter_card":"summary_large_image","twitter_creator":"@westjet","twitter_site":"@westjet","twitter_misc":{"\u00c9crit par":"Erin Mooney"},"schema":{"@context":"https:\/\/schema.org","@graph":[{"@type":"Article","@id":"https:\/\/westjetbusinesstravel.com\/fr\/westjet-cargo-celebre-la-croissance-significative-de-ses-activites-de-fret-aerien-et-presente-les-changements-strategiques-de-son-reseau-et-ses-initiatives-numeriques\/#article","isPartOf":{"@id":"https:\/\/westjetbusinesstravel.com\/fr\/westjet-cargo-celebre-la-croissance-significative-de-ses-activites-de-fret-aerien-et-presente-les-changements-strategiques-de-son-reseau-et-ses-initiatives-numeriques\/"},"author":{"name":"Erin Mooney","@id":"https:\/\/westjetbusinesstravel.com\/fr\/#\/schema\/person\/8b407013397130070f10d47f9f1c690c"},"headline":"WestJet Cargo c\u00e9l\u00e8bre la croissance significative de ses activit\u00e9s de fret a\u00e9rien et pr\u00e9sente les changements strat\u00e9giques de son r\u00e9seau et ses initiatives num\u00e9riques.","datePublished":"2025-04-08T21:57:48+00:00","mainEntityOfPage":{"@id":"https:\/\/westjetbusinesstravel.com\/fr\/westjet-cargo-celebre-la-croissance-significative-de-ses-activites-de-fret-aerien-et-presente-les-changements-strategiques-de-son-reseau-et-ses-initiatives-numeriques\/"},"wordCount":84,"commentCount":0,"publisher":{"@id":"https:\/\/westjetbusinesstravel.com\/fr\/#organization"},"image":{"@id":"https:\/\/westjetbusinesstravel.com\/fr\/westjet-cargo-celebre-la-croissance-significative-de-ses-activites-de-fret-aerien-et-presente-les-changements-strategiques-de-son-reseau-et-ses-initiatives-numeriques\/#primaryimage"},"thumbnailUrl":"https:\/\/westjetbusinesstravel.com\/wp-content\/uploads\/2025\/04\/04-08-25-cargo-newsroom.jpg","articleSection":["Non cat\u00e9goris\u00e9"],"inLanguage":"fr-CA","potentialAction":[{"@type":"CommentAction","name":"Comment","target":["https:\/\/westjetbusinesstravel.com\/fr\/westjet-cargo-celebre-la-croissance-significative-de-ses-activites-de-fret-aerien-et-presente-les-changements-strategiques-de-son-reseau-et-ses-initiatives-numeriques\/#respond"]}]},{"@type":"WebPage","@id":"https:\/\/westjetbusinesstravel.com\/fr\/westjet-cargo-celebre-la-croissance-significative-de-ses-activites-de-fret-aerien-et-presente-les-changements-strategiques-de-son-reseau-et-ses-initiatives-numeriques\/","url":"https:\/\/westjetbusinesstravel.com\/fr\/westjet-cargo-celebre-la-croissance-significative-de-ses-activites-de-fret-aerien-et-presente-les-changements-strategiques-de-son-reseau-et-ses-initiatives-numeriques\/","name":"WestJet Cargo c\u00e9l\u00e8bre la croissance significative de ses activit\u00e9s de fret a\u00e9rien et pr\u00e9sente les changements strat\u00e9giques de son r\u00e9seau et ses initiatives num\u00e9riques. - WestJet Business Travel","isPartOf":{"@id":"https:\/\/westjetbusinesstravel.com\/fr\/#website"},"primaryImageOfPage":{"@id":"https:\/\/westjetbusinesstravel.com\/fr\/westjet-cargo-celebre-la-croissance-significative-de-ses-activites-de-fret-aerien-et-presente-les-changements-strategiques-de-son-reseau-et-ses-initiatives-numeriques\/#primaryimage"},"image":{"@id":"https:\/\/westjetbusinesstravel.com\/fr\/westjet-cargo-celebre-la-croissance-significative-de-ses-activites-de-fret-aerien-et-presente-les-changements-strategiques-de-son-reseau-et-ses-initiatives-numeriques\/#primaryimage"},"thumbnailUrl":"https:\/\/westjetbusinesstravel.com\/wp-content\/uploads\/2025\/04\/04-08-25-cargo-newsroom.jpg","datePublished":"2025-04-08T21:57:48+00:00","breadcrumb":{"@id":"https:\/\/westjetbusinesstravel.com\/fr\/westjet-cargo-celebre-la-croissance-significative-de-ses-activites-de-fret-aerien-et-presente-les-changements-strategiques-de-son-reseau-et-ses-initiatives-numeriques\/#breadcrumb"},"inLanguage":"fr-CA","potentialAction":[{"@type":"ReadAction","target":["https:\/\/westjetbusinesstravel.com\/fr\/westjet-cargo-celebre-la-croissance-significative-de-ses-activites-de-fret-aerien-et-presente-les-changements-strategiques-de-son-reseau-et-ses-initiatives-numeriques\/"]}]},{"@type":"ImageObject","inLanguage":"fr-CA","@id":"https:\/\/westjetbusinesstravel.com\/fr\/westjet-cargo-celebre-la-croissance-significative-de-ses-activites-de-fret-aerien-et-presente-les-changements-strategiques-de-son-reseau-et-ses-initiatives-numeriques\/#primaryimage","url":"https:\/\/westjetbusinesstravel.com\/wp-content\/uploads\/2025\/04\/04-08-25-cargo-newsroom.jpg","contentUrl":"https:\/\/westjetbusinesstravel.com\/wp-content\/uploads\/2025\/04\/04-08-25-cargo-newsroom.jpg","width":1090,"height":615},{"@type":"BreadcrumbList","@id":"https:\/\/westjetbusinesstravel.com\/fr\/westjet-cargo-celebre-la-croissance-significative-de-ses-activites-de-fret-aerien-et-presente-les-changements-strategiques-de-son-reseau-et-ses-initiatives-numeriques\/#breadcrumb","itemListElement":[{"@type":"ListItem","position":1,"name":"Home","item":"https:\/\/westjetbusinesstravel.com\/fr\/page-daccueil\/"},{"@type":"ListItem","position":2,"name":"WestJet Cargo c\u00e9l\u00e8bre la croissance significative de ses activit\u00e9s de fret a\u00e9rien et pr\u00e9sente les changements strat\u00e9giques de son r\u00e9seau et ses initiatives num\u00e9riques."}]},{"@type":"WebSite","@id":"https:\/\/westjetbusinesstravel.com\/fr\/#website","url":"https:\/\/westjetbusinesstravel.com\/fr\/","name":"WestJet Business Travel","description":"","publisher":{"@id":"https:\/\/westjetbusinesstravel.com\/fr\/#organization"},"potentialAction":[{"@type":"SearchAction","target":{"@type":"EntryPoint","urlTemplate":"https:\/\/westjetbusinesstravel.com\/fr\/?s={search_term_string}"},"query-input":{"@type":"PropertyValueSpecification","valueRequired":true,"valueName":"search_term_string"}}],"inLanguage":"fr-CA"},{"@type":"Organization","@id":"https:\/\/westjetbusinesstravel.com\/fr\/#organization","name":"WestJet","url":"https:\/\/westjetbusinesstravel.com\/fr\/","logo":{"@type":"ImageObject","inLanguage":"fr-CA","@id":"https:\/\/westjetbusinesstravel.com\/fr\/#\/schema\/logo\/image\/","url":"https:\/\/westjetbusinesstravel.com\/wp-content\/uploads\/2024\/11\/180710-sidekick-appicon-1.png","contentUrl":"https:\/\/westjetbusinesstravel.com\/wp-content\/uploads\/2024\/11\/180710-sidekick-appicon-1.png","width":136,"height":136,"caption":"WestJet"},"image":{"@id":"https:\/\/westjetbusinesstravel.com\/fr\/#\/schema\/logo\/image\/"},"sameAs":["https:\/\/www.facebook.com\/westjet\/","https:\/\/x.com\/westjet"]},{"@type":"Person","@id":"https:\/\/westjetbusinesstravel.com\/fr\/#\/schema\/person\/8b407013397130070f10d47f9f1c690c","name":"Erin Mooney","image":{"@type":"ImageObject","inLanguage":"fr-CA","@id":"https:\/\/westjetbusinesstravel.com\/fr\/#\/schema\/person\/image\/","url":"https:\/\/secure.gravatar.com\/avatar\/7fea0077087a3598fe78999beb6aa12fe52dabdbc41446873f3e34b19f9cb15a?s=96&d=mm&r=g","contentUrl":"https:\/\/secure.gravatar.com\/avatar\/7fea0077087a3598fe78999beb6aa12fe52dabdbc41446873f3e34b19f9cb15a?s=96&d=mm&r=g","caption":"Erin Mooney"}}]}},"_links":{"self":[{"href":"https:\/\/westjetbusinesstravel.com\/fr\/wp-json\/wp\/v2\/posts\/2556","targetHints":{"allow":["GET"]}}],"collection":[{"href":"https:\/\/westjetbusinesstravel.com\/fr\/wp-json\/wp\/v2\/posts"}],"about":[{"href":"https:\/\/westjetbusinesstravel.com\/fr\/wp-json\/wp\/v2\/types\/post"}],"author":[{"embeddable":true,"href":"https:\/\/westjetbusinesstravel.com\/fr\/wp-json\/wp\/v2\/users\/3"}],"replies":[{"embeddable":true,"href":"https:\/\/westjetbusinesstravel.com\/fr\/wp-json\/wp\/v2\/comments?post=2556"}],"version-history":[{"count":0,"href":"https:\/\/westjetbusinesstravel.com\/fr\/wp-json\/wp\/v2\/posts\/2556\/revisions"}],"wp:featuredmedia":[{"embeddable":true,"href":"https:\/\/westjetbusinesstravel.com\/fr\/wp-json\/wp\/v2\/media\/2405"}],"wp:attachment":[{"href":"https:\/\/westjetbusinesstravel.com\/fr\/wp-json\/wp\/v2\/media?parent=2556"}],"wp:term":[{"taxonomy":"category","embeddable":true,"href":"https:\/\/westjetbusinesstravel.com\/fr\/wp-json\/wp\/v2\/categories?post=2556"},{"taxonomy":"post_tag","embeddable":true,"href":"https:\/\/westjetbusinesstravel.com\/fr\/wp-json\/wp\/v2\/tags?post=2556"}],"curies":[{"name":"wp","href":"https:\/\/api.w.org\/{rel}","templated":true}]}}