{"id":2551,"date":"2025-05-14T16:55:03","date_gmt":"2025-05-14T16:55:03","guid":{"rendered":"https:\/\/westjetbusinesstravel.com\/westjet-se-joint-a-linitiative-mondiale-visant-a-soutenir-les-invites-dans-le-cadre-du-programme-tournesol-des-handicaps-caches\/"},"modified":"2025-06-11T19:47:10","modified_gmt":"2025-06-11T19:47:10","slug":"westjet-se-joint-a-linitiative-mondiale-visant-a-soutenir-les-invites-dans-le-cadre-du-programme-tournesol-des-handicaps-caches","status":"publish","type":"post","link":"https:\/\/westjetbusinesstravel.com\/fr\/westjet-se-joint-a-linitiative-mondiale-visant-a-soutenir-les-invites-dans-le-cadre-du-programme-tournesol-des-handicaps-caches\/","title":{"rendered":"WestJet se joint \u00e0 l&#8217;initiative mondiale visant \u00e0 soutenir les invit\u00e9s dans le cadre du programme Tournesol des handicaps cach\u00e9s."},"content":{"rendered":"<p>Aujourd&#8217;hui, WestJet a lanc\u00e9 sa participation au programme Hidden Disabilities Sunflower, renfor\u00e7ant ainsi son engagement \u00e0 offrir une exp\u00e9rience accueillante et confortable \u00e0 tous ses invit\u00e9s. Le programme Tournesol permet aux invit\u00e9s ayant une d\u00e9ficience non visible de signaler discr\u00e8tement qu&#8217;ils pourraient avoir besoin de plus d&#8217;aide pendant leur voyage, notamment de plus de temps, de patience et de soutien.<\/p>\n","protected":false},"excerpt":{"rendered":"<p>Aujourd&#8217;hui, WestJet a lanc\u00e9 sa participation au programme Hidden Disabilities  [&#8230;]<\/p>\n","protected":false},"author":4,"featured_media":2446,"comment_status":"open","ping_status":"open","sticky":false,"template":"","format":"standard","meta":{"_acf_changed":false,"footnotes":""},"categories":[18],"tags":[],"class_list":["post-2551","post","type-post","status-publish","format-standard","has-post-thumbnail","hentry","category-non-categorise"],"acf":[],"yoast_head":"<!-- This site is optimized with the Yoast SEO plugin v26.6 - https:\/\/yoast.com\/wordpress\/plugins\/seo\/ -->\n<title>WestJet se joint \u00e0 l&#039;initiative mondiale visant \u00e0 soutenir les invit\u00e9s dans le cadre du programme Tournesol des handicaps cach\u00e9s. - WestJet Business Travel<\/title>\n<meta name=\"robots\" content=\"noindex, follow\" \/>\n<meta property=\"og:locale\" content=\"fr_CA\" \/>\n<meta property=\"og:type\" content=\"article\" \/>\n<meta property=\"og:title\" content=\"WestJet se joint \u00e0 l&#039;initiative mondiale visant \u00e0 soutenir les invit\u00e9s dans le cadre du programme Tournesol des handicaps cach\u00e9s. - WestJet Business Travel\" \/>\n<meta property=\"og:description\" content=\"Aujourd&#8217;hui, WestJet a lanc\u00e9 sa participation au programme Hidden Disabilities [...]\" \/>\n<meta property=\"og:url\" content=\"https:\/\/westjetbusinesstravel.com\/fr\/westjet-se-joint-a-linitiative-mondiale-visant-a-soutenir-les-invites-dans-le-cadre-du-programme-tournesol-des-handicaps-caches\/\" \/>\n<meta property=\"og:site_name\" content=\"WestJet Business Travel\" \/>\n<meta property=\"article:publisher\" content=\"https:\/\/www.facebook.com\/westjet\/\" \/>\n<meta property=\"article:published_time\" content=\"2025-05-14T16:55:03+00:00\" \/>\n<meta property=\"article:modified_time\" content=\"2025-06-11T19:47:10+00:00\" \/>\n<meta property=\"og:image\" content=\"https:\/\/westjetbusinesstravel.com\/wp-content\/uploads\/2025\/05\/Sunflower-thumbnail.jpg\" \/>\n\t<meta property=\"og:image:width\" content=\"1091\" \/>\n\t<meta property=\"og:image:height\" content=\"614\" \/>\n\t<meta property=\"og:image:type\" content=\"image\/jpeg\" \/>\n<meta name=\"author\" content=\"Kylie Exner\" \/>\n<meta name=\"twitter:card\" content=\"summary_large_image\" \/>\n<meta name=\"twitter:creator\" content=\"@westjet\" \/>\n<meta name=\"twitter:site\" content=\"@westjet\" \/>\n<meta name=\"twitter:label1\" content=\"\u00c9crit par\" \/>\n\t<meta name=\"twitter:data1\" content=\"Kylie Exner\" \/>\n<script type=\"application\/ld+json\" class=\"yoast-schema-graph\">{\"@context\":\"https:\/\/schema.org\",\"@graph\":[{\"@type\":\"Article\",\"@id\":\"https:\/\/westjetbusinesstravel.com\/fr\/westjet-se-joint-a-linitiative-mondiale-visant-a-soutenir-les-invites-dans-le-cadre-du-programme-tournesol-des-handicaps-caches\/#article\",\"isPartOf\":{\"@id\":\"https:\/\/westjetbusinesstravel.com\/fr\/westjet-se-joint-a-linitiative-mondiale-visant-a-soutenir-les-invites-dans-le-cadre-du-programme-tournesol-des-handicaps-caches\/\"},\"author\":{\"name\":\"Kylie Exner\",\"@id\":\"https:\/\/westjetbusinesstravel.com\/fr\/#\/schema\/person\/0c9b7706d88b8598c5b12f6a0d83f00a\"},\"headline\":\"WestJet se joint \u00e0 l&#8217;initiative mondiale visant \u00e0 soutenir les invit\u00e9s dans le cadre du programme Tournesol des handicaps cach\u00e9s.\",\"datePublished\":\"2025-05-14T16:55:03+00:00\",\"dateModified\":\"2025-06-11T19:47:10+00:00\",\"mainEntityOfPage\":{\"@id\":\"https:\/\/westjetbusinesstravel.com\/fr\/westjet-se-joint-a-linitiative-mondiale-visant-a-soutenir-les-invites-dans-le-cadre-du-programme-tournesol-des-handicaps-caches\/\"},\"wordCount\":88,\"commentCount\":0,\"publisher\":{\"@id\":\"https:\/\/westjetbusinesstravel.com\/fr\/#organization\"},\"image\":{\"@id\":\"https:\/\/westjetbusinesstravel.com\/fr\/westjet-se-joint-a-linitiative-mondiale-visant-a-soutenir-les-invites-dans-le-cadre-du-programme-tournesol-des-handicaps-caches\/#primaryimage\"},\"thumbnailUrl\":\"https:\/\/westjetbusinesstravel.com\/wp-content\/uploads\/2025\/05\/Sunflower-thumbnail.jpg\",\"articleSection\":[\"Non cat\u00e9goris\u00e9\"],\"inLanguage\":\"fr-CA\",\"potentialAction\":[{\"@type\":\"CommentAction\",\"name\":\"Comment\",\"target\":[\"https:\/\/westjetbusinesstravel.com\/fr\/westjet-se-joint-a-linitiative-mondiale-visant-a-soutenir-les-invites-dans-le-cadre-du-programme-tournesol-des-handicaps-caches\/#respond\"]}]},{\"@type\":\"WebPage\",\"@id\":\"https:\/\/westjetbusinesstravel.com\/fr\/westjet-se-joint-a-linitiative-mondiale-visant-a-soutenir-les-invites-dans-le-cadre-du-programme-tournesol-des-handicaps-caches\/\",\"url\":\"https:\/\/westjetbusinesstravel.com\/fr\/westjet-se-joint-a-linitiative-mondiale-visant-a-soutenir-les-invites-dans-le-cadre-du-programme-tournesol-des-handicaps-caches\/\",\"name\":\"WestJet se joint \u00e0 l'initiative mondiale visant \u00e0 soutenir les invit\u00e9s dans le cadre du programme Tournesol des handicaps cach\u00e9s. - WestJet Business Travel\",\"isPartOf\":{\"@id\":\"https:\/\/westjetbusinesstravel.com\/fr\/#website\"},\"primaryImageOfPage\":{\"@id\":\"https:\/\/westjetbusinesstravel.com\/fr\/westjet-se-joint-a-linitiative-mondiale-visant-a-soutenir-les-invites-dans-le-cadre-du-programme-tournesol-des-handicaps-caches\/#primaryimage\"},\"image\":{\"@id\":\"https:\/\/westjetbusinesstravel.com\/fr\/westjet-se-joint-a-linitiative-mondiale-visant-a-soutenir-les-invites-dans-le-cadre-du-programme-tournesol-des-handicaps-caches\/#primaryimage\"},\"thumbnailUrl\":\"https:\/\/westjetbusinesstravel.com\/wp-content\/uploads\/2025\/05\/Sunflower-thumbnail.jpg\",\"datePublished\":\"2025-05-14T16:55:03+00:00\",\"dateModified\":\"2025-06-11T19:47:10+00:00\",\"breadcrumb\":{\"@id\":\"https:\/\/westjetbusinesstravel.com\/fr\/westjet-se-joint-a-linitiative-mondiale-visant-a-soutenir-les-invites-dans-le-cadre-du-programme-tournesol-des-handicaps-caches\/#breadcrumb\"},\"inLanguage\":\"fr-CA\",\"potentialAction\":[{\"@type\":\"ReadAction\",\"target\":[\"https:\/\/westjetbusinesstravel.com\/fr\/westjet-se-joint-a-linitiative-mondiale-visant-a-soutenir-les-invites-dans-le-cadre-du-programme-tournesol-des-handicaps-caches\/\"]}]},{\"@type\":\"ImageObject\",\"inLanguage\":\"fr-CA\",\"@id\":\"https:\/\/westjetbusinesstravel.com\/fr\/westjet-se-joint-a-linitiative-mondiale-visant-a-soutenir-les-invites-dans-le-cadre-du-programme-tournesol-des-handicaps-caches\/#primaryimage\",\"url\":\"https:\/\/westjetbusinesstravel.com\/wp-content\/uploads\/2025\/05\/Sunflower-thumbnail.jpg\",\"contentUrl\":\"https:\/\/westjetbusinesstravel.com\/wp-content\/uploads\/2025\/05\/Sunflower-thumbnail.jpg\",\"width\":1091,\"height\":614},{\"@type\":\"BreadcrumbList\",\"@id\":\"https:\/\/westjetbusinesstravel.com\/fr\/westjet-se-joint-a-linitiative-mondiale-visant-a-soutenir-les-invites-dans-le-cadre-du-programme-tournesol-des-handicaps-caches\/#breadcrumb\",\"itemListElement\":[{\"@type\":\"ListItem\",\"position\":1,\"name\":\"Home\",\"item\":\"https:\/\/westjetbusinesstravel.com\/fr\/page-daccueil\/\"},{\"@type\":\"ListItem\",\"position\":2,\"name\":\"WestJet se joint \u00e0 l&#8217;initiative mondiale visant \u00e0 soutenir les invit\u00e9s dans le cadre du programme Tournesol des handicaps cach\u00e9s.\"}]},{\"@type\":\"WebSite\",\"@id\":\"https:\/\/westjetbusinesstravel.com\/fr\/#website\",\"url\":\"https:\/\/westjetbusinesstravel.com\/fr\/\",\"name\":\"WestJet Business Travel\",\"description\":\"\",\"publisher\":{\"@id\":\"https:\/\/westjetbusinesstravel.com\/fr\/#organization\"},\"potentialAction\":[{\"@type\":\"SearchAction\",\"target\":{\"@type\":\"EntryPoint\",\"urlTemplate\":\"https:\/\/westjetbusinesstravel.com\/fr\/?s={search_term_string}\"},\"query-input\":{\"@type\":\"PropertyValueSpecification\",\"valueRequired\":true,\"valueName\":\"search_term_string\"}}],\"inLanguage\":\"fr-CA\"},{\"@type\":\"Organization\",\"@id\":\"https:\/\/westjetbusinesstravel.com\/fr\/#organization\",\"name\":\"WestJet\",\"url\":\"https:\/\/westjetbusinesstravel.com\/fr\/\",\"logo\":{\"@type\":\"ImageObject\",\"inLanguage\":\"fr-CA\",\"@id\":\"https:\/\/westjetbusinesstravel.com\/fr\/#\/schema\/logo\/image\/\",\"url\":\"https:\/\/westjetbusinesstravel.com\/wp-content\/uploads\/2024\/11\/180710-sidekick-appicon-1.png\",\"contentUrl\":\"https:\/\/westjetbusinesstravel.com\/wp-content\/uploads\/2024\/11\/180710-sidekick-appicon-1.png\",\"width\":136,\"height\":136,\"caption\":\"WestJet\"},\"image\":{\"@id\":\"https:\/\/westjetbusinesstravel.com\/fr\/#\/schema\/logo\/image\/\"},\"sameAs\":[\"https:\/\/www.facebook.com\/westjet\/\",\"https:\/\/x.com\/westjet\"]},{\"@type\":\"Person\",\"@id\":\"https:\/\/westjetbusinesstravel.com\/fr\/#\/schema\/person\/0c9b7706d88b8598c5b12f6a0d83f00a\",\"name\":\"Kylie Exner\",\"image\":{\"@type\":\"ImageObject\",\"inLanguage\":\"fr-CA\",\"@id\":\"https:\/\/westjetbusinesstravel.com\/fr\/#\/schema\/person\/image\/\",\"url\":\"https:\/\/secure.gravatar.com\/avatar\/31a58efdb60bccf4fc39189b985fc2e4001dc582786c89ed00f4a03376230d20?s=96&d=mm&r=g\",\"contentUrl\":\"https:\/\/secure.gravatar.com\/avatar\/31a58efdb60bccf4fc39189b985fc2e4001dc582786c89ed00f4a03376230d20?s=96&d=mm&r=g\",\"caption\":\"Kylie Exner\"}}]}<\/script>\n<!-- \/ Yoast SEO plugin. -->","yoast_head_json":{"title":"WestJet se joint \u00e0 l'initiative mondiale visant \u00e0 soutenir les invit\u00e9s dans le cadre du programme Tournesol des handicaps cach\u00e9s. - WestJet Business Travel","robots":{"index":"noindex","follow":"follow"},"og_locale":"fr_CA","og_type":"article","og_title":"WestJet se joint \u00e0 l'initiative mondiale visant \u00e0 soutenir les invit\u00e9s dans le cadre du programme Tournesol des handicaps cach\u00e9s. - WestJet Business Travel","og_description":"Aujourd&#8217;hui, WestJet a lanc\u00e9 sa participation au programme Hidden Disabilities [...]","og_url":"https:\/\/westjetbusinesstravel.com\/fr\/westjet-se-joint-a-linitiative-mondiale-visant-a-soutenir-les-invites-dans-le-cadre-du-programme-tournesol-des-handicaps-caches\/","og_site_name":"WestJet Business Travel","article_publisher":"https:\/\/www.facebook.com\/westjet\/","article_published_time":"2025-05-14T16:55:03+00:00","article_modified_time":"2025-06-11T19:47:10+00:00","og_image":[{"width":1091,"height":614,"url":"https:\/\/westjetbusinesstravel.com\/wp-content\/uploads\/2025\/05\/Sunflower-thumbnail.jpg","type":"image\/jpeg"}],"author":"Kylie Exner","twitter_card":"summary_large_image","twitter_creator":"@westjet","twitter_site":"@westjet","twitter_misc":{"\u00c9crit par":"Kylie Exner"},"schema":{"@context":"https:\/\/schema.org","@graph":[{"@type":"Article","@id":"https:\/\/westjetbusinesstravel.com\/fr\/westjet-se-joint-a-linitiative-mondiale-visant-a-soutenir-les-invites-dans-le-cadre-du-programme-tournesol-des-handicaps-caches\/#article","isPartOf":{"@id":"https:\/\/westjetbusinesstravel.com\/fr\/westjet-se-joint-a-linitiative-mondiale-visant-a-soutenir-les-invites-dans-le-cadre-du-programme-tournesol-des-handicaps-caches\/"},"author":{"name":"Kylie Exner","@id":"https:\/\/westjetbusinesstravel.com\/fr\/#\/schema\/person\/0c9b7706d88b8598c5b12f6a0d83f00a"},"headline":"WestJet se joint \u00e0 l&#8217;initiative mondiale visant \u00e0 soutenir les invit\u00e9s dans le cadre du programme Tournesol des handicaps cach\u00e9s.","datePublished":"2025-05-14T16:55:03+00:00","dateModified":"2025-06-11T19:47:10+00:00","mainEntityOfPage":{"@id":"https:\/\/westjetbusinesstravel.com\/fr\/westjet-se-joint-a-linitiative-mondiale-visant-a-soutenir-les-invites-dans-le-cadre-du-programme-tournesol-des-handicaps-caches\/"},"wordCount":88,"commentCount":0,"publisher":{"@id":"https:\/\/westjetbusinesstravel.com\/fr\/#organization"},"image":{"@id":"https:\/\/westjetbusinesstravel.com\/fr\/westjet-se-joint-a-linitiative-mondiale-visant-a-soutenir-les-invites-dans-le-cadre-du-programme-tournesol-des-handicaps-caches\/#primaryimage"},"thumbnailUrl":"https:\/\/westjetbusinesstravel.com\/wp-content\/uploads\/2025\/05\/Sunflower-thumbnail.jpg","articleSection":["Non cat\u00e9goris\u00e9"],"inLanguage":"fr-CA","potentialAction":[{"@type":"CommentAction","name":"Comment","target":["https:\/\/westjetbusinesstravel.com\/fr\/westjet-se-joint-a-linitiative-mondiale-visant-a-soutenir-les-invites-dans-le-cadre-du-programme-tournesol-des-handicaps-caches\/#respond"]}]},{"@type":"WebPage","@id":"https:\/\/westjetbusinesstravel.com\/fr\/westjet-se-joint-a-linitiative-mondiale-visant-a-soutenir-les-invites-dans-le-cadre-du-programme-tournesol-des-handicaps-caches\/","url":"https:\/\/westjetbusinesstravel.com\/fr\/westjet-se-joint-a-linitiative-mondiale-visant-a-soutenir-les-invites-dans-le-cadre-du-programme-tournesol-des-handicaps-caches\/","name":"WestJet se joint \u00e0 l'initiative mondiale visant \u00e0 soutenir les invit\u00e9s dans le cadre du programme Tournesol des handicaps cach\u00e9s. - WestJet Business Travel","isPartOf":{"@id":"https:\/\/westjetbusinesstravel.com\/fr\/#website"},"primaryImageOfPage":{"@id":"https:\/\/westjetbusinesstravel.com\/fr\/westjet-se-joint-a-linitiative-mondiale-visant-a-soutenir-les-invites-dans-le-cadre-du-programme-tournesol-des-handicaps-caches\/#primaryimage"},"image":{"@id":"https:\/\/westjetbusinesstravel.com\/fr\/westjet-se-joint-a-linitiative-mondiale-visant-a-soutenir-les-invites-dans-le-cadre-du-programme-tournesol-des-handicaps-caches\/#primaryimage"},"thumbnailUrl":"https:\/\/westjetbusinesstravel.com\/wp-content\/uploads\/2025\/05\/Sunflower-thumbnail.jpg","datePublished":"2025-05-14T16:55:03+00:00","dateModified":"2025-06-11T19:47:10+00:00","breadcrumb":{"@id":"https:\/\/westjetbusinesstravel.com\/fr\/westjet-se-joint-a-linitiative-mondiale-visant-a-soutenir-les-invites-dans-le-cadre-du-programme-tournesol-des-handicaps-caches\/#breadcrumb"},"inLanguage":"fr-CA","potentialAction":[{"@type":"ReadAction","target":["https:\/\/westjetbusinesstravel.com\/fr\/westjet-se-joint-a-linitiative-mondiale-visant-a-soutenir-les-invites-dans-le-cadre-du-programme-tournesol-des-handicaps-caches\/"]}]},{"@type":"ImageObject","inLanguage":"fr-CA","@id":"https:\/\/westjetbusinesstravel.com\/fr\/westjet-se-joint-a-linitiative-mondiale-visant-a-soutenir-les-invites-dans-le-cadre-du-programme-tournesol-des-handicaps-caches\/#primaryimage","url":"https:\/\/westjetbusinesstravel.com\/wp-content\/uploads\/2025\/05\/Sunflower-thumbnail.jpg","contentUrl":"https:\/\/westjetbusinesstravel.com\/wp-content\/uploads\/2025\/05\/Sunflower-thumbnail.jpg","width":1091,"height":614},{"@type":"BreadcrumbList","@id":"https:\/\/westjetbusinesstravel.com\/fr\/westjet-se-joint-a-linitiative-mondiale-visant-a-soutenir-les-invites-dans-le-cadre-du-programme-tournesol-des-handicaps-caches\/#breadcrumb","itemListElement":[{"@type":"ListItem","position":1,"name":"Home","item":"https:\/\/westjetbusinesstravel.com\/fr\/page-daccueil\/"},{"@type":"ListItem","position":2,"name":"WestJet se joint \u00e0 l&#8217;initiative mondiale visant \u00e0 soutenir les invit\u00e9s dans le cadre du programme Tournesol des handicaps cach\u00e9s."}]},{"@type":"WebSite","@id":"https:\/\/westjetbusinesstravel.com\/fr\/#website","url":"https:\/\/westjetbusinesstravel.com\/fr\/","name":"WestJet Business Travel","description":"","publisher":{"@id":"https:\/\/westjetbusinesstravel.com\/fr\/#organization"},"potentialAction":[{"@type":"SearchAction","target":{"@type":"EntryPoint","urlTemplate":"https:\/\/westjetbusinesstravel.com\/fr\/?s={search_term_string}"},"query-input":{"@type":"PropertyValueSpecification","valueRequired":true,"valueName":"search_term_string"}}],"inLanguage":"fr-CA"},{"@type":"Organization","@id":"https:\/\/westjetbusinesstravel.com\/fr\/#organization","name":"WestJet","url":"https:\/\/westjetbusinesstravel.com\/fr\/","logo":{"@type":"ImageObject","inLanguage":"fr-CA","@id":"https:\/\/westjetbusinesstravel.com\/fr\/#\/schema\/logo\/image\/","url":"https:\/\/westjetbusinesstravel.com\/wp-content\/uploads\/2024\/11\/180710-sidekick-appicon-1.png","contentUrl":"https:\/\/westjetbusinesstravel.com\/wp-content\/uploads\/2024\/11\/180710-sidekick-appicon-1.png","width":136,"height":136,"caption":"WestJet"},"image":{"@id":"https:\/\/westjetbusinesstravel.com\/fr\/#\/schema\/logo\/image\/"},"sameAs":["https:\/\/www.facebook.com\/westjet\/","https:\/\/x.com\/westjet"]},{"@type":"Person","@id":"https:\/\/westjetbusinesstravel.com\/fr\/#\/schema\/person\/0c9b7706d88b8598c5b12f6a0d83f00a","name":"Kylie Exner","image":{"@type":"ImageObject","inLanguage":"fr-CA","@id":"https:\/\/westjetbusinesstravel.com\/fr\/#\/schema\/person\/image\/","url":"https:\/\/secure.gravatar.com\/avatar\/31a58efdb60bccf4fc39189b985fc2e4001dc582786c89ed00f4a03376230d20?s=96&d=mm&r=g","contentUrl":"https:\/\/secure.gravatar.com\/avatar\/31a58efdb60bccf4fc39189b985fc2e4001dc582786c89ed00f4a03376230d20?s=96&d=mm&r=g","caption":"Kylie Exner"}}]}},"_links":{"self":[{"href":"https:\/\/westjetbusinesstravel.com\/fr\/wp-json\/wp\/v2\/posts\/2551","targetHints":{"allow":["GET"]}}],"collection":[{"href":"https:\/\/westjetbusinesstravel.com\/fr\/wp-json\/wp\/v2\/posts"}],"about":[{"href":"https:\/\/westjetbusinesstravel.com\/fr\/wp-json\/wp\/v2\/types\/post"}],"author":[{"embeddable":true,"href":"https:\/\/westjetbusinesstravel.com\/fr\/wp-json\/wp\/v2\/users\/4"}],"replies":[{"embeddable":true,"href":"https:\/\/westjetbusinesstravel.com\/fr\/wp-json\/wp\/v2\/comments?post=2551"}],"version-history":[{"count":1,"href":"https:\/\/westjetbusinesstravel.com\/fr\/wp-json\/wp\/v2\/posts\/2551\/revisions"}],"predecessor-version":[{"id":2910,"href":"https:\/\/westjetbusinesstravel.com\/fr\/wp-json\/wp\/v2\/posts\/2551\/revisions\/2910"}],"wp:featuredmedia":[{"embeddable":true,"href":"https:\/\/westjetbusinesstravel.com\/fr\/wp-json\/wp\/v2\/media\/2446"}],"wp:attachment":[{"href":"https:\/\/westjetbusinesstravel.com\/fr\/wp-json\/wp\/v2\/media?parent=2551"}],"wp:term":[{"taxonomy":"category","embeddable":true,"href":"https:\/\/westjetbusinesstravel.com\/fr\/wp-json\/wp\/v2\/categories?post=2551"},{"taxonomy":"post_tag","embeddable":true,"href":"https:\/\/westjetbusinesstravel.com\/fr\/wp-json\/wp\/v2\/tags?post=2551"}],"curies":[{"name":"wp","href":"https:\/\/api.w.org\/{rel}","templated":true}]}}