{"id":2549,"date":"2025-04-22T21:35:13","date_gmt":"2025-04-22T21:35:13","guid":{"rendered":"https:\/\/westjetbusinesstravel.com\/westjet-renforce-son-horaire-domestique-avec-trois-nouvelles-routes-et-une-capacite-accrue-pour-lete-2025\/"},"modified":"2025-05-25T22:08:09","modified_gmt":"2025-05-25T22:08:09","slug":"westjet-renforce-son-horaire-domestique-avec-trois-nouvelles-routes-et-une-capacite-accrue-pour-lete-2025","status":"publish","type":"post","link":"https:\/\/westjetbusinesstravel.com\/fr\/westjet-renforce-son-horaire-domestique-avec-trois-nouvelles-routes-et-une-capacite-accrue-pour-lete-2025\/","title":{"rendered":"WestJet renforce son horaire domestique avec trois nouvelles routes et une capacit\u00e9 accrue pour l&#8217;\u00e9t\u00e9 2025"},"content":{"rendered":"<p>WestJet a annonc\u00e9 aujourd&#8217;hui une expansion majeure de son r\u00e9seau domestique avec un nouveau service sans escale entre l&#8217;a\u00e9roport international Stanfield d&#8217;Halifax (YHZ) et trois villes canadiennes pour l&#8217;\u00e9t\u00e9 2025.<\/p>\n","protected":false},"excerpt":{"rendered":"<p>WestJet a annonc\u00e9 aujourd&#8217;hui une expansion majeure de son r\u00e9seau  [&#8230;]<\/p>\n","protected":false},"author":4,"featured_media":2439,"comment_status":"open","ping_status":"open","sticky":false,"template":"","format":"standard","meta":{"_acf_changed":false,"footnotes":""},"categories":[18],"tags":[],"class_list":["post-2549","post","type-post","status-publish","format-standard","has-post-thumbnail","hentry","category-non-categorise"],"acf":[],"yoast_head":"<!-- This site is optimized with the Yoast SEO plugin v26.6 - https:\/\/yoast.com\/wordpress\/plugins\/seo\/ -->\n<title>WestJet renforce son horaire domestique avec trois nouvelles routes et une capacit\u00e9 accrue pour l&#039;\u00e9t\u00e9 2025 - WestJet Business Travel<\/title>\n<meta name=\"robots\" content=\"noindex, follow\" \/>\n<meta property=\"og:locale\" content=\"fr_CA\" \/>\n<meta property=\"og:type\" content=\"article\" \/>\n<meta property=\"og:title\" content=\"WestJet renforce son horaire domestique avec trois nouvelles routes et une capacit\u00e9 accrue pour l&#039;\u00e9t\u00e9 2025 - WestJet Business Travel\" \/>\n<meta property=\"og:description\" content=\"WestJet a annonc\u00e9 aujourd&#8217;hui une expansion majeure de son r\u00e9seau [...]\" \/>\n<meta property=\"og:url\" content=\"https:\/\/westjetbusinesstravel.com\/fr\/westjet-renforce-son-horaire-domestique-avec-trois-nouvelles-routes-et-une-capacite-accrue-pour-lete-2025\/\" \/>\n<meta property=\"og:site_name\" content=\"WestJet Business Travel\" \/>\n<meta property=\"article:publisher\" content=\"https:\/\/www.facebook.com\/westjet\/\" \/>\n<meta property=\"article:published_time\" content=\"2025-04-22T21:35:13+00:00\" \/>\n<meta property=\"article:modified_time\" content=\"2025-05-25T22:08:09+00:00\" \/>\n<meta property=\"og:image\" content=\"https:\/\/westjetbusinesstravel.com\/wp-content\/uploads\/2025\/04\/04-22-2025-Nova-Scotia-1024x576.png\" \/>\n\t<meta property=\"og:image:width\" content=\"1024\" \/>\n\t<meta property=\"og:image:height\" content=\"576\" \/>\n\t<meta property=\"og:image:type\" content=\"image\/png\" \/>\n<meta name=\"author\" content=\"Kylie Exner\" \/>\n<meta name=\"twitter:card\" content=\"summary_large_image\" \/>\n<meta name=\"twitter:creator\" content=\"@westjet\" \/>\n<meta name=\"twitter:site\" content=\"@westjet\" \/>\n<meta name=\"twitter:label1\" content=\"\u00c9crit par\" \/>\n\t<meta name=\"twitter:data1\" content=\"Kylie Exner\" \/>\n<script type=\"application\/ld+json\" class=\"yoast-schema-graph\">{\"@context\":\"https:\/\/schema.org\",\"@graph\":[{\"@type\":\"Article\",\"@id\":\"https:\/\/westjetbusinesstravel.com\/fr\/westjet-renforce-son-horaire-domestique-avec-trois-nouvelles-routes-et-une-capacite-accrue-pour-lete-2025\/#article\",\"isPartOf\":{\"@id\":\"https:\/\/westjetbusinesstravel.com\/fr\/westjet-renforce-son-horaire-domestique-avec-trois-nouvelles-routes-et-une-capacite-accrue-pour-lete-2025\/\"},\"author\":{\"name\":\"Kylie Exner\",\"@id\":\"https:\/\/westjetbusinesstravel.com\/fr\/#\/schema\/person\/0c9b7706d88b8598c5b12f6a0d83f00a\"},\"headline\":\"WestJet renforce son horaire domestique avec trois nouvelles routes et une capacit\u00e9 accrue pour l&#8217;\u00e9t\u00e9 2025\",\"datePublished\":\"2025-04-22T21:35:13+00:00\",\"dateModified\":\"2025-05-25T22:08:09+00:00\",\"mainEntityOfPage\":{\"@id\":\"https:\/\/westjetbusinesstravel.com\/fr\/westjet-renforce-son-horaire-domestique-avec-trois-nouvelles-routes-et-une-capacite-accrue-pour-lete-2025\/\"},\"wordCount\":51,\"commentCount\":0,\"publisher\":{\"@id\":\"https:\/\/westjetbusinesstravel.com\/fr\/#organization\"},\"image\":{\"@id\":\"https:\/\/westjetbusinesstravel.com\/fr\/westjet-renforce-son-horaire-domestique-avec-trois-nouvelles-routes-et-une-capacite-accrue-pour-lete-2025\/#primaryimage\"},\"thumbnailUrl\":\"https:\/\/westjetbusinesstravel.com\/wp-content\/uploads\/2025\/04\/04-22-2025-Nova-Scotia.png\",\"articleSection\":[\"Non cat\u00e9goris\u00e9\"],\"inLanguage\":\"fr-CA\",\"potentialAction\":[{\"@type\":\"CommentAction\",\"name\":\"Comment\",\"target\":[\"https:\/\/westjetbusinesstravel.com\/fr\/westjet-renforce-son-horaire-domestique-avec-trois-nouvelles-routes-et-une-capacite-accrue-pour-lete-2025\/#respond\"]}]},{\"@type\":\"WebPage\",\"@id\":\"https:\/\/westjetbusinesstravel.com\/fr\/westjet-renforce-son-horaire-domestique-avec-trois-nouvelles-routes-et-une-capacite-accrue-pour-lete-2025\/\",\"url\":\"https:\/\/westjetbusinesstravel.com\/fr\/westjet-renforce-son-horaire-domestique-avec-trois-nouvelles-routes-et-une-capacite-accrue-pour-lete-2025\/\",\"name\":\"WestJet renforce son horaire domestique avec trois nouvelles routes et une capacit\u00e9 accrue pour l'\u00e9t\u00e9 2025 - WestJet Business Travel\",\"isPartOf\":{\"@id\":\"https:\/\/westjetbusinesstravel.com\/fr\/#website\"},\"primaryImageOfPage\":{\"@id\":\"https:\/\/westjetbusinesstravel.com\/fr\/westjet-renforce-son-horaire-domestique-avec-trois-nouvelles-routes-et-une-capacite-accrue-pour-lete-2025\/#primaryimage\"},\"image\":{\"@id\":\"https:\/\/westjetbusinesstravel.com\/fr\/westjet-renforce-son-horaire-domestique-avec-trois-nouvelles-routes-et-une-capacite-accrue-pour-lete-2025\/#primaryimage\"},\"thumbnailUrl\":\"https:\/\/westjetbusinesstravel.com\/wp-content\/uploads\/2025\/04\/04-22-2025-Nova-Scotia.png\",\"datePublished\":\"2025-04-22T21:35:13+00:00\",\"dateModified\":\"2025-05-25T22:08:09+00:00\",\"breadcrumb\":{\"@id\":\"https:\/\/westjetbusinesstravel.com\/fr\/westjet-renforce-son-horaire-domestique-avec-trois-nouvelles-routes-et-une-capacite-accrue-pour-lete-2025\/#breadcrumb\"},\"inLanguage\":\"fr-CA\",\"potentialAction\":[{\"@type\":\"ReadAction\",\"target\":[\"https:\/\/westjetbusinesstravel.com\/fr\/westjet-renforce-son-horaire-domestique-avec-trois-nouvelles-routes-et-une-capacite-accrue-pour-lete-2025\/\"]}]},{\"@type\":\"ImageObject\",\"inLanguage\":\"fr-CA\",\"@id\":\"https:\/\/westjetbusinesstravel.com\/fr\/westjet-renforce-son-horaire-domestique-avec-trois-nouvelles-routes-et-une-capacite-accrue-pour-lete-2025\/#primaryimage\",\"url\":\"https:\/\/westjetbusinesstravel.com\/wp-content\/uploads\/2025\/04\/04-22-2025-Nova-Scotia.png\",\"contentUrl\":\"https:\/\/westjetbusinesstravel.com\/wp-content\/uploads\/2025\/04\/04-22-2025-Nova-Scotia.png\",\"width\":1560,\"height\":878},{\"@type\":\"BreadcrumbList\",\"@id\":\"https:\/\/westjetbusinesstravel.com\/fr\/westjet-renforce-son-horaire-domestique-avec-trois-nouvelles-routes-et-une-capacite-accrue-pour-lete-2025\/#breadcrumb\",\"itemListElement\":[{\"@type\":\"ListItem\",\"position\":1,\"name\":\"Home\",\"item\":\"https:\/\/westjetbusinesstravel.com\/fr\/page-daccueil\/\"},{\"@type\":\"ListItem\",\"position\":2,\"name\":\"WestJet renforce son horaire domestique avec trois nouvelles routes et une capacit\u00e9 accrue pour l&#8217;\u00e9t\u00e9 2025\"}]},{\"@type\":\"WebSite\",\"@id\":\"https:\/\/westjetbusinesstravel.com\/fr\/#website\",\"url\":\"https:\/\/westjetbusinesstravel.com\/fr\/\",\"name\":\"WestJet Business Travel\",\"description\":\"\",\"publisher\":{\"@id\":\"https:\/\/westjetbusinesstravel.com\/fr\/#organization\"},\"potentialAction\":[{\"@type\":\"SearchAction\",\"target\":{\"@type\":\"EntryPoint\",\"urlTemplate\":\"https:\/\/westjetbusinesstravel.com\/fr\/?s={search_term_string}\"},\"query-input\":{\"@type\":\"PropertyValueSpecification\",\"valueRequired\":true,\"valueName\":\"search_term_string\"}}],\"inLanguage\":\"fr-CA\"},{\"@type\":\"Organization\",\"@id\":\"https:\/\/westjetbusinesstravel.com\/fr\/#organization\",\"name\":\"WestJet\",\"url\":\"https:\/\/westjetbusinesstravel.com\/fr\/\",\"logo\":{\"@type\":\"ImageObject\",\"inLanguage\":\"fr-CA\",\"@id\":\"https:\/\/westjetbusinesstravel.com\/fr\/#\/schema\/logo\/image\/\",\"url\":\"https:\/\/westjetbusinesstravel.com\/wp-content\/uploads\/2024\/11\/180710-sidekick-appicon-1.png\",\"contentUrl\":\"https:\/\/westjetbusinesstravel.com\/wp-content\/uploads\/2024\/11\/180710-sidekick-appicon-1.png\",\"width\":136,\"height\":136,\"caption\":\"WestJet\"},\"image\":{\"@id\":\"https:\/\/westjetbusinesstravel.com\/fr\/#\/schema\/logo\/image\/\"},\"sameAs\":[\"https:\/\/www.facebook.com\/westjet\/\",\"https:\/\/x.com\/westjet\"]},{\"@type\":\"Person\",\"@id\":\"https:\/\/westjetbusinesstravel.com\/fr\/#\/schema\/person\/0c9b7706d88b8598c5b12f6a0d83f00a\",\"name\":\"Kylie Exner\",\"image\":{\"@type\":\"ImageObject\",\"inLanguage\":\"fr-CA\",\"@id\":\"https:\/\/westjetbusinesstravel.com\/fr\/#\/schema\/person\/image\/\",\"url\":\"https:\/\/secure.gravatar.com\/avatar\/31a58efdb60bccf4fc39189b985fc2e4001dc582786c89ed00f4a03376230d20?s=96&d=mm&r=g\",\"contentUrl\":\"https:\/\/secure.gravatar.com\/avatar\/31a58efdb60bccf4fc39189b985fc2e4001dc582786c89ed00f4a03376230d20?s=96&d=mm&r=g\",\"caption\":\"Kylie Exner\"}}]}<\/script>\n<!-- \/ Yoast SEO plugin. -->","yoast_head_json":{"title":"WestJet renforce son horaire domestique avec trois nouvelles routes et une capacit\u00e9 accrue pour l'\u00e9t\u00e9 2025 - WestJet Business Travel","robots":{"index":"noindex","follow":"follow"},"og_locale":"fr_CA","og_type":"article","og_title":"WestJet renforce son horaire domestique avec trois nouvelles routes et une capacit\u00e9 accrue pour l'\u00e9t\u00e9 2025 - WestJet Business Travel","og_description":"WestJet a annonc\u00e9 aujourd&#8217;hui une expansion majeure de son r\u00e9seau [...]","og_url":"https:\/\/westjetbusinesstravel.com\/fr\/westjet-renforce-son-horaire-domestique-avec-trois-nouvelles-routes-et-une-capacite-accrue-pour-lete-2025\/","og_site_name":"WestJet Business Travel","article_publisher":"https:\/\/www.facebook.com\/westjet\/","article_published_time":"2025-04-22T21:35:13+00:00","article_modified_time":"2025-05-25T22:08:09+00:00","og_image":[{"width":1024,"height":576,"url":"https:\/\/westjetbusinesstravel.com\/wp-content\/uploads\/2025\/04\/04-22-2025-Nova-Scotia-1024x576.png","type":"image\/png"}],"author":"Kylie Exner","twitter_card":"summary_large_image","twitter_creator":"@westjet","twitter_site":"@westjet","twitter_misc":{"\u00c9crit par":"Kylie Exner"},"schema":{"@context":"https:\/\/schema.org","@graph":[{"@type":"Article","@id":"https:\/\/westjetbusinesstravel.com\/fr\/westjet-renforce-son-horaire-domestique-avec-trois-nouvelles-routes-et-une-capacite-accrue-pour-lete-2025\/#article","isPartOf":{"@id":"https:\/\/westjetbusinesstravel.com\/fr\/westjet-renforce-son-horaire-domestique-avec-trois-nouvelles-routes-et-une-capacite-accrue-pour-lete-2025\/"},"author":{"name":"Kylie Exner","@id":"https:\/\/westjetbusinesstravel.com\/fr\/#\/schema\/person\/0c9b7706d88b8598c5b12f6a0d83f00a"},"headline":"WestJet renforce son horaire domestique avec trois nouvelles routes et une capacit\u00e9 accrue pour l&#8217;\u00e9t\u00e9 2025","datePublished":"2025-04-22T21:35:13+00:00","dateModified":"2025-05-25T22:08:09+00:00","mainEntityOfPage":{"@id":"https:\/\/westjetbusinesstravel.com\/fr\/westjet-renforce-son-horaire-domestique-avec-trois-nouvelles-routes-et-une-capacite-accrue-pour-lete-2025\/"},"wordCount":51,"commentCount":0,"publisher":{"@id":"https:\/\/westjetbusinesstravel.com\/fr\/#organization"},"image":{"@id":"https:\/\/westjetbusinesstravel.com\/fr\/westjet-renforce-son-horaire-domestique-avec-trois-nouvelles-routes-et-une-capacite-accrue-pour-lete-2025\/#primaryimage"},"thumbnailUrl":"https:\/\/westjetbusinesstravel.com\/wp-content\/uploads\/2025\/04\/04-22-2025-Nova-Scotia.png","articleSection":["Non cat\u00e9goris\u00e9"],"inLanguage":"fr-CA","potentialAction":[{"@type":"CommentAction","name":"Comment","target":["https:\/\/westjetbusinesstravel.com\/fr\/westjet-renforce-son-horaire-domestique-avec-trois-nouvelles-routes-et-une-capacite-accrue-pour-lete-2025\/#respond"]}]},{"@type":"WebPage","@id":"https:\/\/westjetbusinesstravel.com\/fr\/westjet-renforce-son-horaire-domestique-avec-trois-nouvelles-routes-et-une-capacite-accrue-pour-lete-2025\/","url":"https:\/\/westjetbusinesstravel.com\/fr\/westjet-renforce-son-horaire-domestique-avec-trois-nouvelles-routes-et-une-capacite-accrue-pour-lete-2025\/","name":"WestJet renforce son horaire domestique avec trois nouvelles routes et une capacit\u00e9 accrue pour l'\u00e9t\u00e9 2025 - WestJet Business Travel","isPartOf":{"@id":"https:\/\/westjetbusinesstravel.com\/fr\/#website"},"primaryImageOfPage":{"@id":"https:\/\/westjetbusinesstravel.com\/fr\/westjet-renforce-son-horaire-domestique-avec-trois-nouvelles-routes-et-une-capacite-accrue-pour-lete-2025\/#primaryimage"},"image":{"@id":"https:\/\/westjetbusinesstravel.com\/fr\/westjet-renforce-son-horaire-domestique-avec-trois-nouvelles-routes-et-une-capacite-accrue-pour-lete-2025\/#primaryimage"},"thumbnailUrl":"https:\/\/westjetbusinesstravel.com\/wp-content\/uploads\/2025\/04\/04-22-2025-Nova-Scotia.png","datePublished":"2025-04-22T21:35:13+00:00","dateModified":"2025-05-25T22:08:09+00:00","breadcrumb":{"@id":"https:\/\/westjetbusinesstravel.com\/fr\/westjet-renforce-son-horaire-domestique-avec-trois-nouvelles-routes-et-une-capacite-accrue-pour-lete-2025\/#breadcrumb"},"inLanguage":"fr-CA","potentialAction":[{"@type":"ReadAction","target":["https:\/\/westjetbusinesstravel.com\/fr\/westjet-renforce-son-horaire-domestique-avec-trois-nouvelles-routes-et-une-capacite-accrue-pour-lete-2025\/"]}]},{"@type":"ImageObject","inLanguage":"fr-CA","@id":"https:\/\/westjetbusinesstravel.com\/fr\/westjet-renforce-son-horaire-domestique-avec-trois-nouvelles-routes-et-une-capacite-accrue-pour-lete-2025\/#primaryimage","url":"https:\/\/westjetbusinesstravel.com\/wp-content\/uploads\/2025\/04\/04-22-2025-Nova-Scotia.png","contentUrl":"https:\/\/westjetbusinesstravel.com\/wp-content\/uploads\/2025\/04\/04-22-2025-Nova-Scotia.png","width":1560,"height":878},{"@type":"BreadcrumbList","@id":"https:\/\/westjetbusinesstravel.com\/fr\/westjet-renforce-son-horaire-domestique-avec-trois-nouvelles-routes-et-une-capacite-accrue-pour-lete-2025\/#breadcrumb","itemListElement":[{"@type":"ListItem","position":1,"name":"Home","item":"https:\/\/westjetbusinesstravel.com\/fr\/page-daccueil\/"},{"@type":"ListItem","position":2,"name":"WestJet renforce son horaire domestique avec trois nouvelles routes et une capacit\u00e9 accrue pour l&#8217;\u00e9t\u00e9 2025"}]},{"@type":"WebSite","@id":"https:\/\/westjetbusinesstravel.com\/fr\/#website","url":"https:\/\/westjetbusinesstravel.com\/fr\/","name":"WestJet Business Travel","description":"","publisher":{"@id":"https:\/\/westjetbusinesstravel.com\/fr\/#organization"},"potentialAction":[{"@type":"SearchAction","target":{"@type":"EntryPoint","urlTemplate":"https:\/\/westjetbusinesstravel.com\/fr\/?s={search_term_string}"},"query-input":{"@type":"PropertyValueSpecification","valueRequired":true,"valueName":"search_term_string"}}],"inLanguage":"fr-CA"},{"@type":"Organization","@id":"https:\/\/westjetbusinesstravel.com\/fr\/#organization","name":"WestJet","url":"https:\/\/westjetbusinesstravel.com\/fr\/","logo":{"@type":"ImageObject","inLanguage":"fr-CA","@id":"https:\/\/westjetbusinesstravel.com\/fr\/#\/schema\/logo\/image\/","url":"https:\/\/westjetbusinesstravel.com\/wp-content\/uploads\/2024\/11\/180710-sidekick-appicon-1.png","contentUrl":"https:\/\/westjetbusinesstravel.com\/wp-content\/uploads\/2024\/11\/180710-sidekick-appicon-1.png","width":136,"height":136,"caption":"WestJet"},"image":{"@id":"https:\/\/westjetbusinesstravel.com\/fr\/#\/schema\/logo\/image\/"},"sameAs":["https:\/\/www.facebook.com\/westjet\/","https:\/\/x.com\/westjet"]},{"@type":"Person","@id":"https:\/\/westjetbusinesstravel.com\/fr\/#\/schema\/person\/0c9b7706d88b8598c5b12f6a0d83f00a","name":"Kylie Exner","image":{"@type":"ImageObject","inLanguage":"fr-CA","@id":"https:\/\/westjetbusinesstravel.com\/fr\/#\/schema\/person\/image\/","url":"https:\/\/secure.gravatar.com\/avatar\/31a58efdb60bccf4fc39189b985fc2e4001dc582786c89ed00f4a03376230d20?s=96&d=mm&r=g","contentUrl":"https:\/\/secure.gravatar.com\/avatar\/31a58efdb60bccf4fc39189b985fc2e4001dc582786c89ed00f4a03376230d20?s=96&d=mm&r=g","caption":"Kylie Exner"}}]}},"_links":{"self":[{"href":"https:\/\/westjetbusinesstravel.com\/fr\/wp-json\/wp\/v2\/posts\/2549","targetHints":{"allow":["GET"]}}],"collection":[{"href":"https:\/\/westjetbusinesstravel.com\/fr\/wp-json\/wp\/v2\/posts"}],"about":[{"href":"https:\/\/westjetbusinesstravel.com\/fr\/wp-json\/wp\/v2\/types\/post"}],"author":[{"embeddable":true,"href":"https:\/\/westjetbusinesstravel.com\/fr\/wp-json\/wp\/v2\/users\/4"}],"replies":[{"embeddable":true,"href":"https:\/\/westjetbusinesstravel.com\/fr\/wp-json\/wp\/v2\/comments?post=2549"}],"version-history":[{"count":1,"href":"https:\/\/westjetbusinesstravel.com\/fr\/wp-json\/wp\/v2\/posts\/2549\/revisions"}],"predecessor-version":[{"id":2567,"href":"https:\/\/westjetbusinesstravel.com\/fr\/wp-json\/wp\/v2\/posts\/2549\/revisions\/2567"}],"wp:featuredmedia":[{"embeddable":true,"href":"https:\/\/westjetbusinesstravel.com\/fr\/wp-json\/wp\/v2\/media\/2439"}],"wp:attachment":[{"href":"https:\/\/westjetbusinesstravel.com\/fr\/wp-json\/wp\/v2\/media?parent=2549"}],"wp:term":[{"taxonomy":"category","embeddable":true,"href":"https:\/\/westjetbusinesstravel.com\/fr\/wp-json\/wp\/v2\/categories?post=2549"},{"taxonomy":"post_tag","embeddable":true,"href":"https:\/\/westjetbusinesstravel.com\/fr\/wp-json\/wp\/v2\/tags?post=2549"}],"curies":[{"name":"wp","href":"https:\/\/api.w.org\/{rel}","templated":true}]}}