{"id":2516,"date":"2025-05-15T14:58:48","date_gmt":"2025-05-15T14:58:48","guid":{"rendered":"https:\/\/westjetbusinesstravel.com\/westjet-renforce-son-reseau-europeen-en-ameliorant-ses-partenariats-de-partage-de-codes-avec-air-france-et-klm\/"},"modified":"2025-06-11T19:33:52","modified_gmt":"2025-06-11T19:33:52","slug":"westjet-renforce-son-reseau-europeen-en-ameliorant-ses-partenariats-de-partage-de-codes-avec-air-france-et-klm","status":"publish","type":"post","link":"https:\/\/westjetbusinesstravel.com\/fr\/westjet-renforce-son-reseau-europeen-en-ameliorant-ses-partenariats-de-partage-de-codes-avec-air-france-et-klm\/","title":{"rendered":"WestJet renforce son r\u00e9seau europ\u00e9en en am\u00e9liorant ses partenariats de partage de codes avec Air France et KLM"},"content":{"rendered":"<p>WestJet a annonc\u00e9 aujourd&#8217;hui l&#8217;expansion de ses partenariats de partage de codes avec Air France et KLM Royal Dutch Airlines (KLM), offrant ainsi \u00e0 ses clients en correspondance \u00e0 l&#8217;a\u00e9roport Schiphol d&#8217;Amsterdam et \u00e0 Paris Charles de Gaulle un acc\u00e8s am\u00e9lior\u00e9 \u00e0 un plus vaste r\u00e9seau de destinations europ\u00e9ennes, le tout avec la facilit\u00e9 d&#8217;une seule r\u00e9servation.<\/p>\n","protected":false},"excerpt":{"rendered":"<p>WestJet a annonc\u00e9 aujourd&#8217;hui l&#8217;expansion de ses partenariats de partage  [&#8230;]<\/p>\n","protected":false},"author":4,"featured_media":2447,"comment_status":"open","ping_status":"open","sticky":false,"template":"","format":"standard","meta":{"_acf_changed":false,"footnotes":""},"categories":[18],"tags":[],"class_list":["post-2516","post","type-post","status-publish","format-standard","has-post-thumbnail","hentry","category-non-categorise"],"acf":[],"yoast_head":"<!-- This site is optimized with the Yoast SEO plugin v26.6 - https:\/\/yoast.com\/wordpress\/plugins\/seo\/ -->\n<title>WestJet renforce son r\u00e9seau europ\u00e9en en am\u00e9liorant ses partenariats de partage de codes avec Air France et KLM - WestJet Business Travel<\/title>\n<meta name=\"robots\" content=\"noindex, follow\" \/>\n<meta property=\"og:locale\" content=\"fr_CA\" \/>\n<meta property=\"og:type\" content=\"article\" \/>\n<meta property=\"og:title\" content=\"WestJet renforce son r\u00e9seau europ\u00e9en en am\u00e9liorant ses partenariats de partage de codes avec Air France et KLM - WestJet Business Travel\" \/>\n<meta property=\"og:description\" content=\"WestJet a annonc\u00e9 aujourd&#8217;hui l&#8217;expansion de ses partenariats de partage [...]\" \/>\n<meta property=\"og:url\" content=\"https:\/\/westjetbusinesstravel.com\/fr\/westjet-renforce-son-reseau-europeen-en-ameliorant-ses-partenariats-de-partage-de-codes-avec-air-france-et-klm\/\" \/>\n<meta property=\"og:site_name\" content=\"WestJet Business Travel\" \/>\n<meta property=\"article:publisher\" content=\"https:\/\/www.facebook.com\/westjet\/\" \/>\n<meta property=\"article:published_time\" content=\"2025-05-15T14:58:48+00:00\" \/>\n<meta property=\"article:modified_time\" content=\"2025-06-11T19:33:52+00:00\" \/>\n<meta property=\"og:image\" content=\"https:\/\/westjetbusinesstravel.com\/wp-content\/uploads\/2025\/05\/05-15-2025-1-AFKLM-Codeshare-1024x576.png\" \/>\n\t<meta property=\"og:image:width\" content=\"1024\" \/>\n\t<meta property=\"og:image:height\" content=\"576\" \/>\n\t<meta property=\"og:image:type\" content=\"image\/png\" \/>\n<meta name=\"author\" content=\"Kylie Exner\" \/>\n<meta name=\"twitter:card\" content=\"summary_large_image\" \/>\n<meta name=\"twitter:creator\" content=\"@westjet\" \/>\n<meta name=\"twitter:site\" content=\"@westjet\" \/>\n<meta name=\"twitter:label1\" content=\"\u00c9crit par\" \/>\n\t<meta name=\"twitter:data1\" content=\"Kylie Exner\" \/>\n<script type=\"application\/ld+json\" class=\"yoast-schema-graph\">{\"@context\":\"https:\/\/schema.org\",\"@graph\":[{\"@type\":\"Article\",\"@id\":\"https:\/\/westjetbusinesstravel.com\/fr\/westjet-renforce-son-reseau-europeen-en-ameliorant-ses-partenariats-de-partage-de-codes-avec-air-france-et-klm\/#article\",\"isPartOf\":{\"@id\":\"https:\/\/westjetbusinesstravel.com\/fr\/westjet-renforce-son-reseau-europeen-en-ameliorant-ses-partenariats-de-partage-de-codes-avec-air-france-et-klm\/\"},\"author\":{\"name\":\"Kylie Exner\",\"@id\":\"https:\/\/westjetbusinesstravel.com\/fr\/#\/schema\/person\/0c9b7706d88b8598c5b12f6a0d83f00a\"},\"headline\":\"WestJet renforce son r\u00e9seau europ\u00e9en en am\u00e9liorant ses partenariats de partage de codes avec Air France et KLM\",\"datePublished\":\"2025-05-15T14:58:48+00:00\",\"dateModified\":\"2025-06-11T19:33:52+00:00\",\"mainEntityOfPage\":{\"@id\":\"https:\/\/westjetbusinesstravel.com\/fr\/westjet-renforce-son-reseau-europeen-en-ameliorant-ses-partenariats-de-partage-de-codes-avec-air-france-et-klm\/\"},\"wordCount\":85,\"commentCount\":0,\"publisher\":{\"@id\":\"https:\/\/westjetbusinesstravel.com\/fr\/#organization\"},\"image\":{\"@id\":\"https:\/\/westjetbusinesstravel.com\/fr\/westjet-renforce-son-reseau-europeen-en-ameliorant-ses-partenariats-de-partage-de-codes-avec-air-france-et-klm\/#primaryimage\"},\"thumbnailUrl\":\"https:\/\/westjetbusinesstravel.com\/wp-content\/uploads\/2025\/05\/05-15-2025-1-AFKLM-Codeshare.png\",\"articleSection\":[\"Non cat\u00e9goris\u00e9\"],\"inLanguage\":\"fr-CA\",\"potentialAction\":[{\"@type\":\"CommentAction\",\"name\":\"Comment\",\"target\":[\"https:\/\/westjetbusinesstravel.com\/fr\/westjet-renforce-son-reseau-europeen-en-ameliorant-ses-partenariats-de-partage-de-codes-avec-air-france-et-klm\/#respond\"]}]},{\"@type\":\"WebPage\",\"@id\":\"https:\/\/westjetbusinesstravel.com\/fr\/westjet-renforce-son-reseau-europeen-en-ameliorant-ses-partenariats-de-partage-de-codes-avec-air-france-et-klm\/\",\"url\":\"https:\/\/westjetbusinesstravel.com\/fr\/westjet-renforce-son-reseau-europeen-en-ameliorant-ses-partenariats-de-partage-de-codes-avec-air-france-et-klm\/\",\"name\":\"WestJet renforce son r\u00e9seau europ\u00e9en en am\u00e9liorant ses partenariats de partage de codes avec Air France et KLM - WestJet Business Travel\",\"isPartOf\":{\"@id\":\"https:\/\/westjetbusinesstravel.com\/fr\/#website\"},\"primaryImageOfPage\":{\"@id\":\"https:\/\/westjetbusinesstravel.com\/fr\/westjet-renforce-son-reseau-europeen-en-ameliorant-ses-partenariats-de-partage-de-codes-avec-air-france-et-klm\/#primaryimage\"},\"image\":{\"@id\":\"https:\/\/westjetbusinesstravel.com\/fr\/westjet-renforce-son-reseau-europeen-en-ameliorant-ses-partenariats-de-partage-de-codes-avec-air-france-et-klm\/#primaryimage\"},\"thumbnailUrl\":\"https:\/\/westjetbusinesstravel.com\/wp-content\/uploads\/2025\/05\/05-15-2025-1-AFKLM-Codeshare.png\",\"datePublished\":\"2025-05-15T14:58:48+00:00\",\"dateModified\":\"2025-06-11T19:33:52+00:00\",\"breadcrumb\":{\"@id\":\"https:\/\/westjetbusinesstravel.com\/fr\/westjet-renforce-son-reseau-europeen-en-ameliorant-ses-partenariats-de-partage-de-codes-avec-air-france-et-klm\/#breadcrumb\"},\"inLanguage\":\"fr-CA\",\"potentialAction\":[{\"@type\":\"ReadAction\",\"target\":[\"https:\/\/westjetbusinesstravel.com\/fr\/westjet-renforce-son-reseau-europeen-en-ameliorant-ses-partenariats-de-partage-de-codes-avec-air-france-et-klm\/\"]}]},{\"@type\":\"ImageObject\",\"inLanguage\":\"fr-CA\",\"@id\":\"https:\/\/westjetbusinesstravel.com\/fr\/westjet-renforce-son-reseau-europeen-en-ameliorant-ses-partenariats-de-partage-de-codes-avec-air-france-et-klm\/#primaryimage\",\"url\":\"https:\/\/westjetbusinesstravel.com\/wp-content\/uploads\/2025\/05\/05-15-2025-1-AFKLM-Codeshare.png\",\"contentUrl\":\"https:\/\/westjetbusinesstravel.com\/wp-content\/uploads\/2025\/05\/05-15-2025-1-AFKLM-Codeshare.png\",\"width\":1950,\"height\":1097},{\"@type\":\"BreadcrumbList\",\"@id\":\"https:\/\/westjetbusinesstravel.com\/fr\/westjet-renforce-son-reseau-europeen-en-ameliorant-ses-partenariats-de-partage-de-codes-avec-air-france-et-klm\/#breadcrumb\",\"itemListElement\":[{\"@type\":\"ListItem\",\"position\":1,\"name\":\"Home\",\"item\":\"https:\/\/westjetbusinesstravel.com\/fr\/page-daccueil\/\"},{\"@type\":\"ListItem\",\"position\":2,\"name\":\"WestJet renforce son r\u00e9seau europ\u00e9en en am\u00e9liorant ses partenariats de partage de codes avec Air France et KLM\"}]},{\"@type\":\"WebSite\",\"@id\":\"https:\/\/westjetbusinesstravel.com\/fr\/#website\",\"url\":\"https:\/\/westjetbusinesstravel.com\/fr\/\",\"name\":\"WestJet Business Travel\",\"description\":\"\",\"publisher\":{\"@id\":\"https:\/\/westjetbusinesstravel.com\/fr\/#organization\"},\"potentialAction\":[{\"@type\":\"SearchAction\",\"target\":{\"@type\":\"EntryPoint\",\"urlTemplate\":\"https:\/\/westjetbusinesstravel.com\/fr\/?s={search_term_string}\"},\"query-input\":{\"@type\":\"PropertyValueSpecification\",\"valueRequired\":true,\"valueName\":\"search_term_string\"}}],\"inLanguage\":\"fr-CA\"},{\"@type\":\"Organization\",\"@id\":\"https:\/\/westjetbusinesstravel.com\/fr\/#organization\",\"name\":\"WestJet\",\"url\":\"https:\/\/westjetbusinesstravel.com\/fr\/\",\"logo\":{\"@type\":\"ImageObject\",\"inLanguage\":\"fr-CA\",\"@id\":\"https:\/\/westjetbusinesstravel.com\/fr\/#\/schema\/logo\/image\/\",\"url\":\"https:\/\/westjetbusinesstravel.com\/wp-content\/uploads\/2024\/11\/180710-sidekick-appicon-1.png\",\"contentUrl\":\"https:\/\/westjetbusinesstravel.com\/wp-content\/uploads\/2024\/11\/180710-sidekick-appicon-1.png\",\"width\":136,\"height\":136,\"caption\":\"WestJet\"},\"image\":{\"@id\":\"https:\/\/westjetbusinesstravel.com\/fr\/#\/schema\/logo\/image\/\"},\"sameAs\":[\"https:\/\/www.facebook.com\/westjet\/\",\"https:\/\/x.com\/westjet\"]},{\"@type\":\"Person\",\"@id\":\"https:\/\/westjetbusinesstravel.com\/fr\/#\/schema\/person\/0c9b7706d88b8598c5b12f6a0d83f00a\",\"name\":\"Kylie Exner\",\"image\":{\"@type\":\"ImageObject\",\"inLanguage\":\"fr-CA\",\"@id\":\"https:\/\/westjetbusinesstravel.com\/fr\/#\/schema\/person\/image\/\",\"url\":\"https:\/\/secure.gravatar.com\/avatar\/31a58efdb60bccf4fc39189b985fc2e4001dc582786c89ed00f4a03376230d20?s=96&d=mm&r=g\",\"contentUrl\":\"https:\/\/secure.gravatar.com\/avatar\/31a58efdb60bccf4fc39189b985fc2e4001dc582786c89ed00f4a03376230d20?s=96&d=mm&r=g\",\"caption\":\"Kylie Exner\"}}]}<\/script>\n<!-- \/ Yoast SEO plugin. -->","yoast_head_json":{"title":"WestJet renforce son r\u00e9seau europ\u00e9en en am\u00e9liorant ses partenariats de partage de codes avec Air France et KLM - WestJet Business Travel","robots":{"index":"noindex","follow":"follow"},"og_locale":"fr_CA","og_type":"article","og_title":"WestJet renforce son r\u00e9seau europ\u00e9en en am\u00e9liorant ses partenariats de partage de codes avec Air France et KLM - WestJet Business Travel","og_description":"WestJet a annonc\u00e9 aujourd&#8217;hui l&#8217;expansion de ses partenariats de partage [...]","og_url":"https:\/\/westjetbusinesstravel.com\/fr\/westjet-renforce-son-reseau-europeen-en-ameliorant-ses-partenariats-de-partage-de-codes-avec-air-france-et-klm\/","og_site_name":"WestJet Business Travel","article_publisher":"https:\/\/www.facebook.com\/westjet\/","article_published_time":"2025-05-15T14:58:48+00:00","article_modified_time":"2025-06-11T19:33:52+00:00","og_image":[{"width":1024,"height":576,"url":"https:\/\/westjetbusinesstravel.com\/wp-content\/uploads\/2025\/05\/05-15-2025-1-AFKLM-Codeshare-1024x576.png","type":"image\/png"}],"author":"Kylie Exner","twitter_card":"summary_large_image","twitter_creator":"@westjet","twitter_site":"@westjet","twitter_misc":{"\u00c9crit par":"Kylie Exner"},"schema":{"@context":"https:\/\/schema.org","@graph":[{"@type":"Article","@id":"https:\/\/westjetbusinesstravel.com\/fr\/westjet-renforce-son-reseau-europeen-en-ameliorant-ses-partenariats-de-partage-de-codes-avec-air-france-et-klm\/#article","isPartOf":{"@id":"https:\/\/westjetbusinesstravel.com\/fr\/westjet-renforce-son-reseau-europeen-en-ameliorant-ses-partenariats-de-partage-de-codes-avec-air-france-et-klm\/"},"author":{"name":"Kylie Exner","@id":"https:\/\/westjetbusinesstravel.com\/fr\/#\/schema\/person\/0c9b7706d88b8598c5b12f6a0d83f00a"},"headline":"WestJet renforce son r\u00e9seau europ\u00e9en en am\u00e9liorant ses partenariats de partage de codes avec Air France et KLM","datePublished":"2025-05-15T14:58:48+00:00","dateModified":"2025-06-11T19:33:52+00:00","mainEntityOfPage":{"@id":"https:\/\/westjetbusinesstravel.com\/fr\/westjet-renforce-son-reseau-europeen-en-ameliorant-ses-partenariats-de-partage-de-codes-avec-air-france-et-klm\/"},"wordCount":85,"commentCount":0,"publisher":{"@id":"https:\/\/westjetbusinesstravel.com\/fr\/#organization"},"image":{"@id":"https:\/\/westjetbusinesstravel.com\/fr\/westjet-renforce-son-reseau-europeen-en-ameliorant-ses-partenariats-de-partage-de-codes-avec-air-france-et-klm\/#primaryimage"},"thumbnailUrl":"https:\/\/westjetbusinesstravel.com\/wp-content\/uploads\/2025\/05\/05-15-2025-1-AFKLM-Codeshare.png","articleSection":["Non cat\u00e9goris\u00e9"],"inLanguage":"fr-CA","potentialAction":[{"@type":"CommentAction","name":"Comment","target":["https:\/\/westjetbusinesstravel.com\/fr\/westjet-renforce-son-reseau-europeen-en-ameliorant-ses-partenariats-de-partage-de-codes-avec-air-france-et-klm\/#respond"]}]},{"@type":"WebPage","@id":"https:\/\/westjetbusinesstravel.com\/fr\/westjet-renforce-son-reseau-europeen-en-ameliorant-ses-partenariats-de-partage-de-codes-avec-air-france-et-klm\/","url":"https:\/\/westjetbusinesstravel.com\/fr\/westjet-renforce-son-reseau-europeen-en-ameliorant-ses-partenariats-de-partage-de-codes-avec-air-france-et-klm\/","name":"WestJet renforce son r\u00e9seau europ\u00e9en en am\u00e9liorant ses partenariats de partage de codes avec Air France et KLM - WestJet Business Travel","isPartOf":{"@id":"https:\/\/westjetbusinesstravel.com\/fr\/#website"},"primaryImageOfPage":{"@id":"https:\/\/westjetbusinesstravel.com\/fr\/westjet-renforce-son-reseau-europeen-en-ameliorant-ses-partenariats-de-partage-de-codes-avec-air-france-et-klm\/#primaryimage"},"image":{"@id":"https:\/\/westjetbusinesstravel.com\/fr\/westjet-renforce-son-reseau-europeen-en-ameliorant-ses-partenariats-de-partage-de-codes-avec-air-france-et-klm\/#primaryimage"},"thumbnailUrl":"https:\/\/westjetbusinesstravel.com\/wp-content\/uploads\/2025\/05\/05-15-2025-1-AFKLM-Codeshare.png","datePublished":"2025-05-15T14:58:48+00:00","dateModified":"2025-06-11T19:33:52+00:00","breadcrumb":{"@id":"https:\/\/westjetbusinesstravel.com\/fr\/westjet-renforce-son-reseau-europeen-en-ameliorant-ses-partenariats-de-partage-de-codes-avec-air-france-et-klm\/#breadcrumb"},"inLanguage":"fr-CA","potentialAction":[{"@type":"ReadAction","target":["https:\/\/westjetbusinesstravel.com\/fr\/westjet-renforce-son-reseau-europeen-en-ameliorant-ses-partenariats-de-partage-de-codes-avec-air-france-et-klm\/"]}]},{"@type":"ImageObject","inLanguage":"fr-CA","@id":"https:\/\/westjetbusinesstravel.com\/fr\/westjet-renforce-son-reseau-europeen-en-ameliorant-ses-partenariats-de-partage-de-codes-avec-air-france-et-klm\/#primaryimage","url":"https:\/\/westjetbusinesstravel.com\/wp-content\/uploads\/2025\/05\/05-15-2025-1-AFKLM-Codeshare.png","contentUrl":"https:\/\/westjetbusinesstravel.com\/wp-content\/uploads\/2025\/05\/05-15-2025-1-AFKLM-Codeshare.png","width":1950,"height":1097},{"@type":"BreadcrumbList","@id":"https:\/\/westjetbusinesstravel.com\/fr\/westjet-renforce-son-reseau-europeen-en-ameliorant-ses-partenariats-de-partage-de-codes-avec-air-france-et-klm\/#breadcrumb","itemListElement":[{"@type":"ListItem","position":1,"name":"Home","item":"https:\/\/westjetbusinesstravel.com\/fr\/page-daccueil\/"},{"@type":"ListItem","position":2,"name":"WestJet renforce son r\u00e9seau europ\u00e9en en am\u00e9liorant ses partenariats de partage de codes avec Air France et KLM"}]},{"@type":"WebSite","@id":"https:\/\/westjetbusinesstravel.com\/fr\/#website","url":"https:\/\/westjetbusinesstravel.com\/fr\/","name":"WestJet Business Travel","description":"","publisher":{"@id":"https:\/\/westjetbusinesstravel.com\/fr\/#organization"},"potentialAction":[{"@type":"SearchAction","target":{"@type":"EntryPoint","urlTemplate":"https:\/\/westjetbusinesstravel.com\/fr\/?s={search_term_string}"},"query-input":{"@type":"PropertyValueSpecification","valueRequired":true,"valueName":"search_term_string"}}],"inLanguage":"fr-CA"},{"@type":"Organization","@id":"https:\/\/westjetbusinesstravel.com\/fr\/#organization","name":"WestJet","url":"https:\/\/westjetbusinesstravel.com\/fr\/","logo":{"@type":"ImageObject","inLanguage":"fr-CA","@id":"https:\/\/westjetbusinesstravel.com\/fr\/#\/schema\/logo\/image\/","url":"https:\/\/westjetbusinesstravel.com\/wp-content\/uploads\/2024\/11\/180710-sidekick-appicon-1.png","contentUrl":"https:\/\/westjetbusinesstravel.com\/wp-content\/uploads\/2024\/11\/180710-sidekick-appicon-1.png","width":136,"height":136,"caption":"WestJet"},"image":{"@id":"https:\/\/westjetbusinesstravel.com\/fr\/#\/schema\/logo\/image\/"},"sameAs":["https:\/\/www.facebook.com\/westjet\/","https:\/\/x.com\/westjet"]},{"@type":"Person","@id":"https:\/\/westjetbusinesstravel.com\/fr\/#\/schema\/person\/0c9b7706d88b8598c5b12f6a0d83f00a","name":"Kylie Exner","image":{"@type":"ImageObject","inLanguage":"fr-CA","@id":"https:\/\/westjetbusinesstravel.com\/fr\/#\/schema\/person\/image\/","url":"https:\/\/secure.gravatar.com\/avatar\/31a58efdb60bccf4fc39189b985fc2e4001dc582786c89ed00f4a03376230d20?s=96&d=mm&r=g","contentUrl":"https:\/\/secure.gravatar.com\/avatar\/31a58efdb60bccf4fc39189b985fc2e4001dc582786c89ed00f4a03376230d20?s=96&d=mm&r=g","caption":"Kylie Exner"}}]}},"_links":{"self":[{"href":"https:\/\/westjetbusinesstravel.com\/fr\/wp-json\/wp\/v2\/posts\/2516","targetHints":{"allow":["GET"]}}],"collection":[{"href":"https:\/\/westjetbusinesstravel.com\/fr\/wp-json\/wp\/v2\/posts"}],"about":[{"href":"https:\/\/westjetbusinesstravel.com\/fr\/wp-json\/wp\/v2\/types\/post"}],"author":[{"embeddable":true,"href":"https:\/\/westjetbusinesstravel.com\/fr\/wp-json\/wp\/v2\/users\/4"}],"replies":[{"embeddable":true,"href":"https:\/\/westjetbusinesstravel.com\/fr\/wp-json\/wp\/v2\/comments?post=2516"}],"version-history":[{"count":1,"href":"https:\/\/westjetbusinesstravel.com\/fr\/wp-json\/wp\/v2\/posts\/2516\/revisions"}],"predecessor-version":[{"id":2517,"href":"https:\/\/westjetbusinesstravel.com\/fr\/wp-json\/wp\/v2\/posts\/2516\/revisions\/2517"}],"wp:featuredmedia":[{"embeddable":true,"href":"https:\/\/westjetbusinesstravel.com\/fr\/wp-json\/wp\/v2\/media\/2447"}],"wp:attachment":[{"href":"https:\/\/westjetbusinesstravel.com\/fr\/wp-json\/wp\/v2\/media?parent=2516"}],"wp:term":[{"taxonomy":"category","embeddable":true,"href":"https:\/\/westjetbusinesstravel.com\/fr\/wp-json\/wp\/v2\/categories?post=2516"},{"taxonomy":"post_tag","embeddable":true,"href":"https:\/\/westjetbusinesstravel.com\/fr\/wp-json\/wp\/v2\/tags?post=2516"}],"curies":[{"name":"wp","href":"https:\/\/api.w.org\/{rel}","templated":true}]}}